{"id":36910,"date":"2023-05-11T14:05:00","date_gmt":"2023-05-11T12:05:00","guid":{"rendered":"http:\/\/www.railfreight.eu\/dr-ne\/?p=36910"},"modified":"2023-05-12T10:11:25","modified_gmt":"2023-05-12T08:11:25","slug":"18-jaehriger-kaperte-gfr-lok","status":"publish","type":"post","link":"http:\/\/www.railfreight.eu\/dr-ne\/2023-05-11-18-jaehriger-kaperte-gfr-lok\/","title":{"rendered":"18-J\u00e4hriger kaperte GFR-Lok"},"content":{"rendered":"\n<p>Am Nachmittag des 10.05.2023 stieg ein 18-J\u00e4hriger Rum\u00e4ne ohne entsprechende Ausbildung in den F\u00fchrerstand einer Ellok der Reihe 43 von der Grup Feroviar Rom\u00e2n (GFR) und setzte sie im Bahnhof Medgidia in Bewegung. Er legte den Stromabnehmer an, setzte die Lok in Bewegung, und fuhr \u00fcber zwei Weichen auf ein anderes Gleis, wo sie anhielt.<\/p>\n\n\n\n<figure class=\"wp-block-embed is-type-video is-provider-youtube wp-block-embed-youtube wp-embed-aspect-16-9 wp-has-aspect-ratio\"><div class=\"wp-block-embed__wrapper\">\n<iframe loading=\"lazy\" title=\"Tanarul care a furat locomotiva s a filmat\" width=\"525\" height=\"295\" src=\"https:\/\/www.youtube.com\/embed\/J8-w5FrRi60?feature=oembed\" frameborder=\"0\" allow=\"accelerometer; autoplay; clipboard-write; encrypted-media; gyroscope; picture-in-picture; web-share\" referrerpolicy=\"strict-origin-when-cross-origin\" allowfullscreen><\/iframe>\n<\/div><\/figure>\n\n\n\n<p>Ein Stellwerksmitarbeiter der CFR bemerkte, dass sich die am Vorabend abgestellte Lok in Bewegung gesetzt hatte, woraufhin er sofort in diesen Bereich ging und feststellte, dass sich eine fremde Person auf dieser befand. Der Vorfall hatte keine Auswirkungen und f\u00fchrte zu keinen Opfern oder Zerst\u00f6rungen. Der junge Mann wurde von der Polizei festgenommen. Er gab an, mit ihr nach Palas bei Constan\u021ba fahren zu wollen, da dort eine Lok defekt sei.<\/p>\n\n\n\n<p>Normalerweise h\u00e4tte die Lok gegen ein Starten abgesichert und verriegelt sein m\u00fcssen. Dem Vernehmen nach k\u00f6nnen die Lokomotiven des Unternehmens jedoch nicht verschlossen werden, weil \u201ekeine von ihnen Schl\u00f6sser hat\u201c.<\/p>\n","protected":false},"excerpt":{"rendered":"<p>Am Nachmittag des 10.05.2023 stieg ein 18-J\u00e4hriger Rum\u00e4ne ohne entsprechende Ausbildung in den F\u00fchrerstand einer Ellok der Reihe 43 von der Grup Feroviar Rom\u00e2n (GFR) und setzte sie im Bahnhof Medgidia in Bewegung. Er legte den Stromabnehmer an, setzte die Lok in Bewegung, und fuhr \u00fcber zwei Weichen auf ein anderes Gleis, wo sie anhielt. &hellip; <\/p>\n<p class=\"link-more\"><a href=\"http:\/\/www.railfreight.eu\/dr-ne\/2023-05-11-18-jaehriger-kaperte-gfr-lok\/\" class=\"more-link\"><span class=\"screen-reader-text\">\u201e18-J\u00e4hriger kaperte GFR-Lok\u201c<\/span> weiterlesen<\/a><\/p>\n","protected":false},"author":1,"featured_media":0,"comment_status":"open","ping_status":"open","sticky":false,"template":"","format":"standard","meta":{"footnotes":""},"categories":[1],"tags":[],"class_list":["post-36910","post","type-post","status-publish","format-standard","hentry","category-allgemein"],"_links":{"self":[{"href":"http:\/\/www.railfreight.eu\/dr-ne\/wp-json\/wp\/v2\/posts\/36910","targetHints":{"allow":["GET"]}}],"collection":[{"href":"http:\/\/www.railfreight.eu\/dr-ne\/wp-json\/wp\/v2\/posts"}],"about":[{"href":"http:\/\/www.railfreight.eu\/dr-ne\/wp-json\/wp\/v2\/types\/post"}],"author":[{"embeddable":true,"href":"http:\/\/www.railfreight.eu\/dr-ne\/wp-json\/wp\/v2\/users\/1"}],"replies":[{"embeddable":true,"href":"http:\/\/www.railfreight.eu\/dr-ne\/wp-json\/wp\/v2\/comments?post=36910"}],"version-history":[{"count":1,"href":"http:\/\/www.railfreight.eu\/dr-ne\/wp-json\/wp\/v2\/posts\/36910\/revisions"}],"predecessor-version":[{"id":36911,"href":"http:\/\/www.railfreight.eu\/dr-ne\/wp-json\/wp\/v2\/posts\/36910\/revisions\/36911"}],"wp:attachment":[{"href":"http:\/\/www.railfreight.eu\/dr-ne\/wp-json\/wp\/v2\/media?parent=36910"}],"wp:term":[{"taxonomy":"category","embeddable":true,"href":"http:\/\/www.railfreight.eu\/dr-ne\/wp-json\/wp\/v2\/categories?post=36910"},{"taxonomy":"post_tag","embeddable":true,"href":"http:\/\/www.railfreight.eu\/dr-ne\/wp-json\/wp\/v2\/tags?post=36910"}],"curies":[{"name":"wp","href":"https:\/\/api.w.org\/{rel}","templated":true}]}}