{"id":36914,"date":"2023-05-15T09:25:49","date_gmt":"2023-05-15T07:25:49","guid":{"rendered":"http:\/\/www.railfreight.eu\/dr-ne\/?p=36914"},"modified":"2023-05-15T11:09:23","modified_gmt":"2023-05-15T09:09:23","slug":"db-cargo-czechia-neues-management","status":"publish","type":"post","link":"http:\/\/www.railfreight.eu\/dr-ne\/2023-05-15-db-cargo-czechia-neues-management\/","title":{"rendered":"DB Cargo Czechia: Neues Management"},"content":{"rendered":"\n<p>DB Cargo Czechia hat seit 13.05.2023 ein neues Management, das aus Jan Rajnoch (CEO) und Kamil Witkowicz (CFO) besteht.<\/p>\n\n\n\n<p>Der seit Unternehmensgr\u00fcndung 2015 bei DB Czechia aktive Rajnoch folgt auf den acht Jahre an der Spitze des Unternehmens stehenden Tomasz Iwa\u0144ski, der die Funktion in Tschechien zus\u00e4tzlich zur T\u00e4tigkeit als Head of Logistics bei DB Cargo Polska und CEO von DB Cargo Spedkol ausf\u00fchrte. Rajnoch \u00fcbernahm bislang unterschiedliche Positionen, unter anderem als Projektmanager (01.2016 bis 03.2018), Vertriebsleiter (03.2018 bis 06.2021) und Leiter Sicherheitsmanagement (seit 056.2021). Witkowicz war zuvor 15 Jahre bei DB Cargo Polska in Finanzpositionen aktiv.<\/p>\n","protected":false},"excerpt":{"rendered":"<p>DB Cargo Czechia hat seit 13.05.2023 ein neues Management, das aus Jan Rajnoch (CEO) und Kamil Witkowicz (CFO) besteht. Der seit Unternehmensgr\u00fcndung 2015 bei DB Czechia aktive Rajnoch folgt auf den acht Jahre an der Spitze des Unternehmens stehenden Tomasz Iwa\u0144ski, der die Funktion in Tschechien zus\u00e4tzlich zur T\u00e4tigkeit als Head of Logistics bei DB &hellip; <\/p>\n<p class=\"link-more\"><a href=\"http:\/\/www.railfreight.eu\/dr-ne\/2023-05-15-db-cargo-czechia-neues-management\/\" class=\"more-link\"><span class=\"screen-reader-text\">\u201eDB Cargo Czechia: Neues Management\u201c<\/span> weiterlesen<\/a><\/p>\n","protected":false},"author":1,"featured_media":0,"comment_status":"open","ping_status":"open","sticky":false,"template":"","format":"standard","meta":{"footnotes":""},"categories":[2],"tags":[],"class_list":["post-36914","post","type-post","status-publish","format-standard","hentry","category-personalien"],"_links":{"self":[{"href":"http:\/\/www.railfreight.eu\/dr-ne\/wp-json\/wp\/v2\/posts\/36914","targetHints":{"allow":["GET"]}}],"collection":[{"href":"http:\/\/www.railfreight.eu\/dr-ne\/wp-json\/wp\/v2\/posts"}],"about":[{"href":"http:\/\/www.railfreight.eu\/dr-ne\/wp-json\/wp\/v2\/types\/post"}],"author":[{"embeddable":true,"href":"http:\/\/www.railfreight.eu\/dr-ne\/wp-json\/wp\/v2\/users\/1"}],"replies":[{"embeddable":true,"href":"http:\/\/www.railfreight.eu\/dr-ne\/wp-json\/wp\/v2\/comments?post=36914"}],"version-history":[{"count":3,"href":"http:\/\/www.railfreight.eu\/dr-ne\/wp-json\/wp\/v2\/posts\/36914\/revisions"}],"predecessor-version":[{"id":36918,"href":"http:\/\/www.railfreight.eu\/dr-ne\/wp-json\/wp\/v2\/posts\/36914\/revisions\/36918"}],"wp:attachment":[{"href":"http:\/\/www.railfreight.eu\/dr-ne\/wp-json\/wp\/v2\/media?parent=36914"}],"wp:term":[{"taxonomy":"category","embeddable":true,"href":"http:\/\/www.railfreight.eu\/dr-ne\/wp-json\/wp\/v2\/categories?post=36914"},{"taxonomy":"post_tag","embeddable":true,"href":"http:\/\/www.railfreight.eu\/dr-ne\/wp-json\/wp\/v2\/tags?post=36914"}],"curies":[{"name":"wp","href":"https:\/\/api.w.org\/{rel}","templated":true}]}}