{"id":36929,"date":"2023-05-14T13:30:00","date_gmt":"2023-05-14T11:30:00","guid":{"rendered":"http:\/\/www.railfreight.eu\/dr-ne\/?p=36929"},"modified":"2023-05-15T12:37:58","modified_gmt":"2023-05-15T10:37:58","slug":"streikabsage-rueckkehr-zum-normalfahrplan","status":"publish","type":"post","link":"http:\/\/www.railfreight.eu\/dr-ne\/2023-05-14-streikabsage-rueckkehr-zum-normalfahrplan\/","title":{"rendered":"Streikabsage: R\u00fcckkehr zum Normalfahrplan"},"content":{"rendered":"\n<p>Nach der Absage des Warnstreiks durch die EVG am Nachmittag des 13.05.2023 arbeitet die DB an der R\u00fcckkehr zum Normalangebot. Erstmals musste der Bahnbetrieb innerhalb von 24 Stunden von Runterfahren auf Hochfahren umorganisiert werden. Dazu werden seit Samstag bundesweit rund 50.000 Zugfahrten allein im Fern- und Nahverkehr sowie die dazugeh\u00f6rigen Schicht- und Einsatzpl\u00e4ne wieder neu geplant.<\/p>\n\n\n\n<p>Im G\u00fcterverkehr muss am Montag und Dienstag mit Einschr\u00e4nkungen gerechnet werden. Branchenverb\u00e4nde aus dem Schienenverkehr kritisierten das &#8222;H\u00fc und Hott&#8220; der letzten Tage und forderten, systemrelevante Infrastruktur k\u00fcnftig bei solchen Streitigkeiten au\u00dfen vor zu lassen. DB Cargo ging am Abend des 13. Mai davon aus, ab Montag 18 Uhr wieder nach Regelbetrieb fahren zu k\u00f6nnen. Davor liegende Zugauslegungen k\u00f6nnten &#8222;aufgrund der Kurzfristigkeit der Streikabsage&#8220; nicht mehr zur\u00fcckgenommen werden.<\/p>\n","protected":false},"excerpt":{"rendered":"<p>Nach der Absage des Warnstreiks durch die EVG am Nachmittag des 13.05.2023 arbeitet die DB an der R\u00fcckkehr zum Normalangebot. Erstmals musste der Bahnbetrieb innerhalb von 24 Stunden von Runterfahren auf Hochfahren umorganisiert werden. Dazu werden seit Samstag bundesweit rund 50.000 Zugfahrten allein im Fern- und Nahverkehr sowie die dazugeh\u00f6rigen Schicht- und Einsatzpl\u00e4ne wieder neu &hellip; <\/p>\n<p class=\"link-more\"><a href=\"http:\/\/www.railfreight.eu\/dr-ne\/2023-05-14-streikabsage-rueckkehr-zum-normalfahrplan\/\" class=\"more-link\"><span class=\"screen-reader-text\">\u201eStreikabsage: R\u00fcckkehr zum Normalfahrplan\u201c<\/span> weiterlesen<\/a><\/p>\n","protected":false},"author":1,"featured_media":0,"comment_status":"open","ping_status":"open","sticky":false,"template":"","format":"standard","meta":{"footnotes":""},"categories":[1038],"tags":[],"class_list":["post-36929","post","type-post","status-publish","format-standard","hentry","category-personal"],"_links":{"self":[{"href":"http:\/\/www.railfreight.eu\/dr-ne\/wp-json\/wp\/v2\/posts\/36929","targetHints":{"allow":["GET"]}}],"collection":[{"href":"http:\/\/www.railfreight.eu\/dr-ne\/wp-json\/wp\/v2\/posts"}],"about":[{"href":"http:\/\/www.railfreight.eu\/dr-ne\/wp-json\/wp\/v2\/types\/post"}],"author":[{"embeddable":true,"href":"http:\/\/www.railfreight.eu\/dr-ne\/wp-json\/wp\/v2\/users\/1"}],"replies":[{"embeddable":true,"href":"http:\/\/www.railfreight.eu\/dr-ne\/wp-json\/wp\/v2\/comments?post=36929"}],"version-history":[{"count":2,"href":"http:\/\/www.railfreight.eu\/dr-ne\/wp-json\/wp\/v2\/posts\/36929\/revisions"}],"predecessor-version":[{"id":36934,"href":"http:\/\/www.railfreight.eu\/dr-ne\/wp-json\/wp\/v2\/posts\/36929\/revisions\/36934"}],"wp:attachment":[{"href":"http:\/\/www.railfreight.eu\/dr-ne\/wp-json\/wp\/v2\/media?parent=36929"}],"wp:term":[{"taxonomy":"category","embeddable":true,"href":"http:\/\/www.railfreight.eu\/dr-ne\/wp-json\/wp\/v2\/categories?post=36929"},{"taxonomy":"post_tag","embeddable":true,"href":"http:\/\/www.railfreight.eu\/dr-ne\/wp-json\/wp\/v2\/tags?post=36929"}],"curies":[{"name":"wp","href":"https:\/\/api.w.org\/{rel}","templated":true}]}}