{"id":37260,"date":"2023-06-01T09:42:09","date_gmt":"2023-06-01T07:42:09","guid":{"rendered":"http:\/\/www.railfreight.eu\/dr-ne\/?p=37260"},"modified":"2023-06-01T11:23:11","modified_gmt":"2023-06-01T09:23:11","slug":"grzib-verlaesst-neska","status":"publish","type":"post","link":"http:\/\/www.railfreight.eu\/dr-ne\/2023-06-01-grzib-verlaesst-neska\/","title":{"rendered":"Grzib verl\u00e4sst neska"},"content":{"rendered":"\n<p>Personelle Ver\u00e4nderung in der Leitung der neska Schiffahrts- und Speditionskontor GmbH, einem Unternehmen aus dem Gesch\u00e4ftsbereich Logistics and Intermodal der HGK-Gruppe: Mit Wirkung zum 31.05.2023 hat Andreas Grzib auf eigenen Wunsch seine T\u00e4tigkeit als neska-Gesch\u00e4ftsf\u00fchrer beendet und das Unternehmen verlassen, um sich einer neuen Aufgabe zu widmen.<\/p>\n\n\n\n<p>Der 56-J\u00e4hrige war seit September 2021 neben Markus Kr\u00e4mer (CEO \/ Vorsitzender der Gesch\u00e4ftsf\u00fchrung) und Dr. Jan Zeese (CAO) Mitglied der neska-Gesch\u00e4ftsf\u00fchrung. Andreas Grzib war als COO f\u00fcr die F\u00fchrung der Operativen Einheiten verantwortlich. W\u00e4hrend seiner T\u00e4tigkeit hatte er ma\u00dfgeblich an der \u00dcberf\u00fchrung der Bulk- und Umschlagsaktivit\u00e4ten der ehemaligen H\u00e4fen und Transport GmbH (HTAG) in die neska GmbH mitgewirkt.<\/p>\n\n\n\n<p>Seine bisherigen Aufgaben \u00fcbernehmen vorerst Markus Kr\u00e4mer und Dr. Jan Zeese.<\/p>\n","protected":false},"excerpt":{"rendered":"<p>Personelle Ver\u00e4nderung in der Leitung der neska Schiffahrts- und Speditionskontor GmbH, einem Unternehmen aus dem Gesch\u00e4ftsbereich Logistics and Intermodal der HGK-Gruppe: Mit Wirkung zum 31.05.2023 hat Andreas Grzib auf eigenen Wunsch seine T\u00e4tigkeit als neska-Gesch\u00e4ftsf\u00fchrer beendet und das Unternehmen verlassen, um sich einer neuen Aufgabe zu widmen. Der 56-J\u00e4hrige war seit September 2021 neben Markus &hellip; <\/p>\n<p class=\"link-more\"><a href=\"http:\/\/www.railfreight.eu\/dr-ne\/2023-06-01-grzib-verlaesst-neska\/\" class=\"more-link\"><span class=\"screen-reader-text\">\u201eGrzib verl\u00e4sst neska\u201c<\/span> weiterlesen<\/a><\/p>\n","protected":false},"author":1,"featured_media":0,"comment_status":"open","ping_status":"open","sticky":false,"template":"","format":"standard","meta":{"footnotes":""},"categories":[2],"tags":[2525,49],"class_list":["post-37260","post","type-post","status-publish","format-standard","hentry","category-personalien","tag-deutschland","tag-neska"],"_links":{"self":[{"href":"http:\/\/www.railfreight.eu\/dr-ne\/wp-json\/wp\/v2\/posts\/37260","targetHints":{"allow":["GET"]}}],"collection":[{"href":"http:\/\/www.railfreight.eu\/dr-ne\/wp-json\/wp\/v2\/posts"}],"about":[{"href":"http:\/\/www.railfreight.eu\/dr-ne\/wp-json\/wp\/v2\/types\/post"}],"author":[{"embeddable":true,"href":"http:\/\/www.railfreight.eu\/dr-ne\/wp-json\/wp\/v2\/users\/1"}],"replies":[{"embeddable":true,"href":"http:\/\/www.railfreight.eu\/dr-ne\/wp-json\/wp\/v2\/comments?post=37260"}],"version-history":[{"count":1,"href":"http:\/\/www.railfreight.eu\/dr-ne\/wp-json\/wp\/v2\/posts\/37260\/revisions"}],"predecessor-version":[{"id":37261,"href":"http:\/\/www.railfreight.eu\/dr-ne\/wp-json\/wp\/v2\/posts\/37260\/revisions\/37261"}],"wp:attachment":[{"href":"http:\/\/www.railfreight.eu\/dr-ne\/wp-json\/wp\/v2\/media?parent=37260"}],"wp:term":[{"taxonomy":"category","embeddable":true,"href":"http:\/\/www.railfreight.eu\/dr-ne\/wp-json\/wp\/v2\/categories?post=37260"},{"taxonomy":"post_tag","embeddable":true,"href":"http:\/\/www.railfreight.eu\/dr-ne\/wp-json\/wp\/v2\/tags?post=37260"}],"curies":[{"name":"wp","href":"https:\/\/api.w.org\/{rel}","templated":true}]}}