{"id":37262,"date":"2023-06-01T11:21:59","date_gmt":"2023-06-01T09:21:59","guid":{"rendered":"http:\/\/www.railfreight.eu\/dr-ne\/?p=37262"},"modified":"2023-06-01T11:22:59","modified_gmt":"2023-06-01T09:22:59","slug":"rcg-1-testzug-in-eigentraktion-in-serbien","status":"publish","type":"post","link":"http:\/\/www.railfreight.eu\/dr-ne\/2023-06-01-rcg-1-testzug-in-eigentraktion-in-serbien\/","title":{"rendered":"RCG: 1. Testzug in Eigentraktion in Serbien"},"content":{"rendered":"\n<p>Die \u00d6BB Rail Cargo Group (RCG) ist mit Serbien in schon 13 L\u00e4ndern in Eigentraktion t\u00e4tig. Nun ist der erste Testzug in \u0160id angekommen.<\/p>\n\n\n\n<figure class=\"wp-block-image size-full\"><img loading=\"lazy\" decoding=\"async\" width=\"424\" height=\"283\" src=\"http:\/\/www.railfreight.eu\/dr-ne\/wp-content\/uploads\/2023\/06\/rcc-rs.jpg\" alt=\"\" class=\"wp-image-37263\" srcset=\"http:\/\/www.railfreight.eu\/dr-ne\/wp-content\/uploads\/2023\/06\/rcc-rs.jpg 424w, http:\/\/www.railfreight.eu\/dr-ne\/wp-content\/uploads\/2023\/06\/rcc-rs-300x200.jpg 300w\" sizes=\"auto, (max-width: 424px) 100vw, 424px\" \/><figcaption>Foto: RCG<\/figcaption><\/figure>\n","protected":false},"excerpt":{"rendered":"<p>Die \u00d6BB Rail Cargo Group (RCG) ist mit Serbien in schon 13 L\u00e4ndern in Eigentraktion t\u00e4tig. Nun ist der erste Testzug in \u0160id angekommen.<\/p>\n","protected":false},"author":1,"featured_media":0,"comment_status":"open","ping_status":"open","sticky":false,"template":"","format":"standard","meta":{"footnotes":""},"categories":[32],"tags":[79,112],"class_list":["post-37262","post","type-post","status-publish","format-standard","hentry","category-verkehr","tag-oebb-rail-cargo-group","tag-serbien"],"_links":{"self":[{"href":"http:\/\/www.railfreight.eu\/dr-ne\/wp-json\/wp\/v2\/posts\/37262","targetHints":{"allow":["GET"]}}],"collection":[{"href":"http:\/\/www.railfreight.eu\/dr-ne\/wp-json\/wp\/v2\/posts"}],"about":[{"href":"http:\/\/www.railfreight.eu\/dr-ne\/wp-json\/wp\/v2\/types\/post"}],"author":[{"embeddable":true,"href":"http:\/\/www.railfreight.eu\/dr-ne\/wp-json\/wp\/v2\/users\/1"}],"replies":[{"embeddable":true,"href":"http:\/\/www.railfreight.eu\/dr-ne\/wp-json\/wp\/v2\/comments?post=37262"}],"version-history":[{"count":2,"href":"http:\/\/www.railfreight.eu\/dr-ne\/wp-json\/wp\/v2\/posts\/37262\/revisions"}],"predecessor-version":[{"id":37265,"href":"http:\/\/www.railfreight.eu\/dr-ne\/wp-json\/wp\/v2\/posts\/37262\/revisions\/37265"}],"wp:attachment":[{"href":"http:\/\/www.railfreight.eu\/dr-ne\/wp-json\/wp\/v2\/media?parent=37262"}],"wp:term":[{"taxonomy":"category","embeddable":true,"href":"http:\/\/www.railfreight.eu\/dr-ne\/wp-json\/wp\/v2\/categories?post=37262"},{"taxonomy":"post_tag","embeddable":true,"href":"http:\/\/www.railfreight.eu\/dr-ne\/wp-json\/wp\/v2\/tags?post=37262"}],"curies":[{"name":"wp","href":"https:\/\/api.w.org\/{rel}","templated":true}]}}