{"id":37743,"date":"2023-06-21T23:07:36","date_gmt":"2023-06-21T21:07:36","guid":{"rendered":"http:\/\/www.railfreight.eu\/dr-ne\/?p=37743"},"modified":"2023-06-21T23:07:37","modified_gmt":"2023-06-21T21:07:37","slug":"evg-tarifverhandlungen-gescheitert","status":"publish","type":"post","link":"http:\/\/www.railfreight.eu\/dr-ne\/2023-06-21-evg-tarifverhandlungen-gescheitert\/","title":{"rendered":"EVG: Tarifverhandlungen gescheitert"},"content":{"rendered":"\n<p>Die Zentrale Tarifkommission der Eisenbahn- und Verkehrsgewerkschaft (EVG) hat am Mittwochabend (21.06.2023) die Verhandlungen mit der Deutschen Bahn nach langer und sehr intensiver Diskussion f\u00fcr gescheitert erkl\u00e4rt.<\/p>\n\n\n\n<p>\u201eVor dem Hintergrund der seinerzeit in Fulda beschlossenen Forderungen wurde insbesondere die Laufzeit von 27 Monaten als deutlich zu lang sowie die angebotene Lohnerh\u00f6hung als zu niedrig und zu sp\u00e4t bewertet. Der Bundesvorstand der EVG wird morgen in Berlin das weitere Fortgehen beschlie\u00dfen\u201c, sagte EVG-Verhandlungsf\u00fchrer Kristian Loroch.<\/p>\n","protected":false},"excerpt":{"rendered":"<p>Die Zentrale Tarifkommission der Eisenbahn- und Verkehrsgewerkschaft (EVG) hat am Mittwochabend (21.06.2023) die Verhandlungen mit der Deutschen Bahn nach langer und sehr intensiver Diskussion f\u00fcr gescheitert erkl\u00e4rt. \u201eVor dem Hintergrund der seinerzeit in Fulda beschlossenen Forderungen wurde insbesondere die Laufzeit von 27 Monaten als deutlich zu lang sowie die angebotene Lohnerh\u00f6hung als zu niedrig und &hellip; <\/p>\n<p class=\"link-more\"><a href=\"http:\/\/www.railfreight.eu\/dr-ne\/2023-06-21-evg-tarifverhandlungen-gescheitert\/\" class=\"more-link\"><span class=\"screen-reader-text\">\u201eEVG: Tarifverhandlungen gescheitert\u201c<\/span> weiterlesen<\/a><\/p>\n","protected":false},"author":1,"featured_media":0,"comment_status":"open","ping_status":"open","sticky":false,"template":"","format":"standard","meta":{"footnotes":""},"categories":[1038],"tags":[801,2525,1286,1874],"class_list":["post-37743","post","type-post","status-publish","format-standard","hentry","category-personal","tag-db-ag","tag-deutschland","tag-evg","tag-tarifvertrag"],"_links":{"self":[{"href":"http:\/\/www.railfreight.eu\/dr-ne\/wp-json\/wp\/v2\/posts\/37743","targetHints":{"allow":["GET"]}}],"collection":[{"href":"http:\/\/www.railfreight.eu\/dr-ne\/wp-json\/wp\/v2\/posts"}],"about":[{"href":"http:\/\/www.railfreight.eu\/dr-ne\/wp-json\/wp\/v2\/types\/post"}],"author":[{"embeddable":true,"href":"http:\/\/www.railfreight.eu\/dr-ne\/wp-json\/wp\/v2\/users\/1"}],"replies":[{"embeddable":true,"href":"http:\/\/www.railfreight.eu\/dr-ne\/wp-json\/wp\/v2\/comments?post=37743"}],"version-history":[{"count":1,"href":"http:\/\/www.railfreight.eu\/dr-ne\/wp-json\/wp\/v2\/posts\/37743\/revisions"}],"predecessor-version":[{"id":37744,"href":"http:\/\/www.railfreight.eu\/dr-ne\/wp-json\/wp\/v2\/posts\/37743\/revisions\/37744"}],"wp:attachment":[{"href":"http:\/\/www.railfreight.eu\/dr-ne\/wp-json\/wp\/v2\/media?parent=37743"}],"wp:term":[{"taxonomy":"category","embeddable":true,"href":"http:\/\/www.railfreight.eu\/dr-ne\/wp-json\/wp\/v2\/categories?post=37743"},{"taxonomy":"post_tag","embeddable":true,"href":"http:\/\/www.railfreight.eu\/dr-ne\/wp-json\/wp\/v2\/tags?post=37743"}],"curies":[{"name":"wp","href":"https:\/\/api.w.org\/{rel}","templated":true}]}}