{"id":37787,"date":"2023-06-22T14:10:40","date_gmt":"2023-06-22T12:10:40","guid":{"rendered":"http:\/\/www.railfreight.eu\/dr-ne\/?p=37787"},"modified":"2023-06-22T14:10:40","modified_gmt":"2023-06-22T12:10:40","slug":"kombiverkehr-neuer-verwaltungsrat","status":"publish","type":"post","link":"http:\/\/www.railfreight.eu\/dr-ne\/2023-06-22-kombiverkehr-neuer-verwaltungsrat\/","title":{"rendered":"Kombiverkehr: Neuer Verwaltungsrat"},"content":{"rendered":"\n<p><strong><br><\/strong>W\u00e4hrend der Gesellschafterversammlung am 21.06.21023 wurde durch die Anteilseigner der Kommanditgesellschaft ein neuer Verwaltungsrat der Kombiverkehr KG gew\u00e4hlt. Die siebenk\u00f6pfige Speditionsseite im Verwaltungsrat besteht aus <\/p>\n\n\n\n<ul class=\"wp-block-list\"><li>Kai-J\u00f6rg Bode, Spedition Bode GmbH &amp; Co. KG, <\/li><li>Christian Cornelius, Anhalt Logistics GmbH &amp; Co. KG, <\/li><li>Georg Dettendorfer, Johan Dettendorfer Spedition Ferntrans GmbH &amp; Co. KG, <\/li><li>Carsten Hemme, Paneuropa Transport GmbH, <\/li><li>Ulrich Maixner, Hoyer GmbH Internationale Fachspedition, <\/li><li>Ueli Maurer, Bertschi AG und <\/li><li>Sonja Stich, Karl Schmidt Spedition GmbH &amp; Co. KG. <\/li><\/ul>\n\n\n\n<p>Die DB Cargo AG entsendet als 50-Prozent-Anteilseignerin zwei Mitglieder in den Verwaltungsrat der Kombiverkehr KG. Satzungsgem\u00e4\u00df \u00fcbernehmen die Speditionsvertreter den Vorsitz im Verwaltungsrat. Auf der konstituierenden Sitzung wurde Carsten Hemme zum Vorsitzenden gew\u00e4hlt. Der stellvertretende Vorsitz wird weiterhin bei der DB Cargo AG liegen.<\/p>\n\n\n\n<figure class=\"wp-block-image size-large\"><img loading=\"lazy\" decoding=\"async\" width=\"1024\" height=\"695\" src=\"http:\/\/www.railfreight.eu\/dr-ne\/wp-content\/uploads\/2023\/06\/Pressefoto-GV-Kombiverkehr-KG-Neuer-Verwaltungsrat-1024x695.jpg\" alt=\"\" class=\"wp-image-37788\" srcset=\"http:\/\/www.railfreight.eu\/dr-ne\/wp-content\/uploads\/2023\/06\/Pressefoto-GV-Kombiverkehr-KG-Neuer-Verwaltungsrat-1024x695.jpg 1024w, http:\/\/www.railfreight.eu\/dr-ne\/wp-content\/uploads\/2023\/06\/Pressefoto-GV-Kombiverkehr-KG-Neuer-Verwaltungsrat-300x204.jpg 300w, http:\/\/www.railfreight.eu\/dr-ne\/wp-content\/uploads\/2023\/06\/Pressefoto-GV-Kombiverkehr-KG-Neuer-Verwaltungsrat-768x521.jpg 768w, http:\/\/www.railfreight.eu\/dr-ne\/wp-content\/uploads\/2023\/06\/Pressefoto-GV-Kombiverkehr-KG-Neuer-Verwaltungsrat-1536x1043.jpg 1536w, http:\/\/www.railfreight.eu\/dr-ne\/wp-content\/uploads\/2023\/06\/Pressefoto-GV-Kombiverkehr-KG-Neuer-Verwaltungsrat-1320x896.jpg 1320w, http:\/\/www.railfreight.eu\/dr-ne\/wp-content\/uploads\/2023\/06\/Pressefoto-GV-Kombiverkehr-KG-Neuer-Verwaltungsrat.jpg 2000w\" sizes=\"auto, (max-width: 767px) 89vw, (max-width: 1000px) 54vw, (max-width: 1071px) 543px, 580px\" \/><figcaption>Verwaltungsrat der Kombiverkehr KG. Foto: Kombiverkehr<\/figcaption><\/figure>\n","protected":false},"excerpt":{"rendered":"<p>W\u00e4hrend der Gesellschafterversammlung am 21.06.21023 wurde durch die Anteilseigner der Kommanditgesellschaft ein neuer Verwaltungsrat der Kombiverkehr KG gew\u00e4hlt. Die siebenk\u00f6pfige Speditionsseite im Verwaltungsrat besteht aus Kai-J\u00f6rg Bode, Spedition Bode GmbH &amp; Co. KG, Christian Cornelius, Anhalt Logistics GmbH &amp; Co. KG, Georg Dettendorfer, Johan Dettendorfer Spedition Ferntrans GmbH &amp; Co. KG, Carsten Hemme, Paneuropa Transport &hellip; <\/p>\n<p class=\"link-more\"><a href=\"http:\/\/www.railfreight.eu\/dr-ne\/2023-06-22-kombiverkehr-neuer-verwaltungsrat\/\" class=\"more-link\"><span class=\"screen-reader-text\">\u201eKombiverkehr: Neuer Verwaltungsrat\u201c<\/span> weiterlesen<\/a><\/p>\n","protected":false},"author":1,"featured_media":0,"comment_status":"open","ping_status":"open","sticky":false,"template":"","format":"standard","meta":{"footnotes":""},"categories":[2],"tags":[2525,544],"class_list":["post-37787","post","type-post","status-publish","format-standard","hentry","category-personalien","tag-deutschland","tag-kombiverkehr"],"_links":{"self":[{"href":"http:\/\/www.railfreight.eu\/dr-ne\/wp-json\/wp\/v2\/posts\/37787","targetHints":{"allow":["GET"]}}],"collection":[{"href":"http:\/\/www.railfreight.eu\/dr-ne\/wp-json\/wp\/v2\/posts"}],"about":[{"href":"http:\/\/www.railfreight.eu\/dr-ne\/wp-json\/wp\/v2\/types\/post"}],"author":[{"embeddable":true,"href":"http:\/\/www.railfreight.eu\/dr-ne\/wp-json\/wp\/v2\/users\/1"}],"replies":[{"embeddable":true,"href":"http:\/\/www.railfreight.eu\/dr-ne\/wp-json\/wp\/v2\/comments?post=37787"}],"version-history":[{"count":1,"href":"http:\/\/www.railfreight.eu\/dr-ne\/wp-json\/wp\/v2\/posts\/37787\/revisions"}],"predecessor-version":[{"id":37789,"href":"http:\/\/www.railfreight.eu\/dr-ne\/wp-json\/wp\/v2\/posts\/37787\/revisions\/37789"}],"wp:attachment":[{"href":"http:\/\/www.railfreight.eu\/dr-ne\/wp-json\/wp\/v2\/media?parent=37787"}],"wp:term":[{"taxonomy":"category","embeddable":true,"href":"http:\/\/www.railfreight.eu\/dr-ne\/wp-json\/wp\/v2\/categories?post=37787"},{"taxonomy":"post_tag","embeddable":true,"href":"http:\/\/www.railfreight.eu\/dr-ne\/wp-json\/wp\/v2\/tags?post=37787"}],"curies":[{"name":"wp","href":"https:\/\/api.w.org\/{rel}","templated":true}]}}