{"id":37794,"date":"2023-06-22T13:27:00","date_gmt":"2023-06-22T11:27:00","guid":{"rendered":"http:\/\/www.railfreight.eu\/dr-ne\/?p=37794"},"modified":"2023-06-22T17:30:00","modified_gmt":"2023-06-22T15:30:00","slug":"evg-urabstimmung","status":"publish","type":"post","link":"http:\/\/www.railfreight.eu\/dr-ne\/2023-06-22-evg-urabstimmung\/","title":{"rendered":"EVG: Urabstimmung"},"content":{"rendered":"\n<p>Der Bundesvorstand der Eisenbahn- und Verkehrsgewerkschaft (EVG) teilt die <a href=\"http:\/\/www.railfreight.eu\/dr-ne\/2023\/06\/21\/evg-tarifverhandlungen-gescheitert\/\" data-type=\"post\" data-id=\"37743\">Einsch\u00e4tzung der Zentralen Tarifkommission, die Tarifverhandlungen mit der Deutschen Bahn f\u00fcr gescheitert zu erkl\u00e4ren<\/a>. Einen entsprechenden Beschluss fasste das nach dem Gewerkschaftstag h\u00f6chste Gremium am Vormittag des 22.06.2023 in Berlin einstimmig. \u201eWir werden jetzt in die Vorbereitung der Urabstimmung gehen, mit allen damit verbundenen Folgen. Unbefristete Streiks werden dadurch m\u00f6glich.\u201c, so der EVG-Vorsitzende Martin Burkert.<\/p>\n\n\n\n<figure class=\"wp-block-embed is-type-video is-provider-youtube wp-block-embed-youtube wp-embed-aspect-16-9 wp-has-aspect-ratio\"><div class=\"wp-block-embed__wrapper\">\n<iframe loading=\"lazy\" title=\"Tarifverhandlungen mit DB AG gescheitert - Bundesvorstand beschlie\u00dft Urabstimmung\" width=\"525\" height=\"295\" src=\"https:\/\/www.youtube.com\/embed\/u00F8h89JlI?feature=oembed\" frameborder=\"0\" allow=\"accelerometer; autoplay; clipboard-write; encrypted-media; gyroscope; picture-in-picture; web-share\" referrerpolicy=\"strict-origin-when-cross-origin\" allowfullscreen><\/iframe>\n<\/div><\/figure>\n","protected":false},"excerpt":{"rendered":"<p>Der Bundesvorstand der Eisenbahn- und Verkehrsgewerkschaft (EVG) teilt die Einsch\u00e4tzung der Zentralen Tarifkommission, die Tarifverhandlungen mit der Deutschen Bahn f\u00fcr gescheitert zu erkl\u00e4ren. Einen entsprechenden Beschluss fasste das nach dem Gewerkschaftstag h\u00f6chste Gremium am Vormittag des 22.06.2023 in Berlin einstimmig. \u201eWir werden jetzt in die Vorbereitung der Urabstimmung gehen, mit allen damit verbundenen Folgen. Unbefristete &hellip; <\/p>\n<p class=\"link-more\"><a href=\"http:\/\/www.railfreight.eu\/dr-ne\/2023-06-22-evg-urabstimmung\/\" class=\"more-link\"><span class=\"screen-reader-text\">\u201eEVG: Urabstimmung\u201c<\/span> weiterlesen<\/a><\/p>\n","protected":false},"author":1,"featured_media":0,"comment_status":"open","ping_status":"open","sticky":false,"template":"","format":"standard","meta":{"footnotes":""},"categories":[1038],"tags":[801,2525,1286,1874],"class_list":["post-37794","post","type-post","status-publish","format-standard","hentry","category-personal","tag-db-ag","tag-deutschland","tag-evg","tag-tarifvertrag"],"_links":{"self":[{"href":"http:\/\/www.railfreight.eu\/dr-ne\/wp-json\/wp\/v2\/posts\/37794","targetHints":{"allow":["GET"]}}],"collection":[{"href":"http:\/\/www.railfreight.eu\/dr-ne\/wp-json\/wp\/v2\/posts"}],"about":[{"href":"http:\/\/www.railfreight.eu\/dr-ne\/wp-json\/wp\/v2\/types\/post"}],"author":[{"embeddable":true,"href":"http:\/\/www.railfreight.eu\/dr-ne\/wp-json\/wp\/v2\/users\/1"}],"replies":[{"embeddable":true,"href":"http:\/\/www.railfreight.eu\/dr-ne\/wp-json\/wp\/v2\/comments?post=37794"}],"version-history":[{"count":2,"href":"http:\/\/www.railfreight.eu\/dr-ne\/wp-json\/wp\/v2\/posts\/37794\/revisions"}],"predecessor-version":[{"id":37797,"href":"http:\/\/www.railfreight.eu\/dr-ne\/wp-json\/wp\/v2\/posts\/37794\/revisions\/37797"}],"wp:attachment":[{"href":"http:\/\/www.railfreight.eu\/dr-ne\/wp-json\/wp\/v2\/media?parent=37794"}],"wp:term":[{"taxonomy":"category","embeddable":true,"href":"http:\/\/www.railfreight.eu\/dr-ne\/wp-json\/wp\/v2\/categories?post=37794"},{"taxonomy":"post_tag","embeddable":true,"href":"http:\/\/www.railfreight.eu\/dr-ne\/wp-json\/wp\/v2\/tags?post=37794"}],"curies":[{"name":"wp","href":"https:\/\/api.w.org\/{rel}","templated":true}]}}