{"id":38162,"date":"2023-07-06T13:28:00","date_gmt":"2023-07-06T11:28:00","guid":{"rendered":"http:\/\/www.railfreight.eu\/dr-ne\/?p=38162"},"modified":"2023-07-06T20:29:47","modified_gmt":"2023-07-06T18:29:47","slug":"belgien-einzelwagenzuschuss-in-erster-lesung-gebilligt","status":"publish","type":"post","link":"http:\/\/www.railfreight.eu\/dr-ne\/2023-07-06-belgien-einzelwagenzuschuss-in-erster-lesung-gebilligt\/","title":{"rendered":"Belgien: Einzelwagenzuschuss in erster Lesung gebilligt"},"content":{"rendered":"\n<p>Auf Vorschlag von Mobilit\u00e4tsminister Georges Gilkinet hat der Mobilit\u00e4tsausschuss der Kammer am 20.06.2023 einen Gesetzesvorentwurf gebilligt, mit dem ein F\u00f6rdersystem zugunsten von Eisenbahnunternehmen eingef\u00fchrt wird, die G\u00fcter in Einzelwagen bef\u00f6rdern. <\/p>\n\n\n\n<p>Die Beihilfe soll diese Eisenbahnunternehmen dazu ermutigen, die automatische Sortieranlage in Antwerpen-Nord f\u00fcr ihre Rangierarbeiten zu nutzen, indem ein Teil der Kosten, die f\u00fcr die Nutzung dieses Gel\u00e4ndes anfallen, erstattet wird. Durch die Senkung der Kosten f\u00fcr die Rangierrechnung wird also auf die Wettbewerbsf\u00e4higkeit des Einzelwagenverkehrs gegen\u00fcber anderen Verkehrstr\u00e4gern eingewirkt. <\/p>\n\n\n\n<p>Die F\u00f6rderregelung ist Teil des G\u00fcterverkehrsplans, der am 30.09.2022 im Ministerrat verabschiedet wurde, und konkretisiert die Verlagerung von der Stra\u00dfe auf die Schiene.<\/p>\n","protected":false},"excerpt":{"rendered":"<p>Auf Vorschlag von Mobilit\u00e4tsminister Georges Gilkinet hat der Mobilit\u00e4tsausschuss der Kammer am 20.06.2023 einen Gesetzesvorentwurf gebilligt, mit dem ein F\u00f6rdersystem zugunsten von Eisenbahnunternehmen eingef\u00fchrt wird, die G\u00fcter in Einzelwagen bef\u00f6rdern. Die Beihilfe soll diese Eisenbahnunternehmen dazu ermutigen, die automatische Sortieranlage in Antwerpen-Nord f\u00fcr ihre Rangierarbeiten zu nutzen, indem ein Teil der Kosten, die f\u00fcr die &hellip; <\/p>\n<p class=\"link-more\"><a href=\"http:\/\/www.railfreight.eu\/dr-ne\/2023-07-06-belgien-einzelwagenzuschuss-in-erster-lesung-gebilligt\/\" class=\"more-link\"><span class=\"screen-reader-text\">\u201eBelgien: Einzelwagenzuschuss in erster Lesung gebilligt\u201c<\/span> weiterlesen<\/a><\/p>\n","protected":false},"author":1,"featured_media":0,"comment_status":"open","ping_status":"open","sticky":false,"template":"","format":"standard","meta":{"footnotes":""},"categories":[1061],"tags":[],"class_list":["post-38162","post","type-post","status-publish","format-standard","hentry","category-politik-verbaende"],"_links":{"self":[{"href":"http:\/\/www.railfreight.eu\/dr-ne\/wp-json\/wp\/v2\/posts\/38162","targetHints":{"allow":["GET"]}}],"collection":[{"href":"http:\/\/www.railfreight.eu\/dr-ne\/wp-json\/wp\/v2\/posts"}],"about":[{"href":"http:\/\/www.railfreight.eu\/dr-ne\/wp-json\/wp\/v2\/types\/post"}],"author":[{"embeddable":true,"href":"http:\/\/www.railfreight.eu\/dr-ne\/wp-json\/wp\/v2\/users\/1"}],"replies":[{"embeddable":true,"href":"http:\/\/www.railfreight.eu\/dr-ne\/wp-json\/wp\/v2\/comments?post=38162"}],"version-history":[{"count":1,"href":"http:\/\/www.railfreight.eu\/dr-ne\/wp-json\/wp\/v2\/posts\/38162\/revisions"}],"predecessor-version":[{"id":38163,"href":"http:\/\/www.railfreight.eu\/dr-ne\/wp-json\/wp\/v2\/posts\/38162\/revisions\/38163"}],"wp:attachment":[{"href":"http:\/\/www.railfreight.eu\/dr-ne\/wp-json\/wp\/v2\/media?parent=38162"}],"wp:term":[{"taxonomy":"category","embeddable":true,"href":"http:\/\/www.railfreight.eu\/dr-ne\/wp-json\/wp\/v2\/categories?post=38162"},{"taxonomy":"post_tag","embeddable":true,"href":"http:\/\/www.railfreight.eu\/dr-ne\/wp-json\/wp\/v2\/tags?post=38162"}],"curies":[{"name":"wp","href":"https:\/\/api.w.org\/{rel}","templated":true}]}}