{"id":38270,"date":"2023-07-13T16:04:07","date_gmt":"2023-07-13T14:04:07","guid":{"rendered":"http:\/\/www.railfreight.eu\/dr-ne\/?p=38270"},"modified":"2023-07-13T16:04:08","modified_gmt":"2023-07-13T14:04:08","slug":"evg-weg-fuer-schlichtung-frei","status":"publish","type":"post","link":"http:\/\/www.railfreight.eu\/dr-ne\/2023-07-13-evg-weg-fuer-schlichtung-frei\/","title":{"rendered":"EVG: Weg f\u00fcr Schlichtung frei"},"content":{"rendered":"\n<p>Der Bundesvorstand der EVG hat den Weg frei gemacht f\u00fcr das Schlichtungsverfahren bei der Deutschen Bahn. Zugleich hat das h\u00f6chste politische EVG-Gremium zwischen den Gewerkschaftstagen die Tarifabschl\u00fcsse in 20 Unternehmen der SPNV-Branche angenommen. Damit wird am 17.07.2023 die Schlichtung beginnen. W\u00e4hrenddessen laufen bei der EVG die Vorbereitungen f\u00fcr eine Urabstimmung weiter.<\/p>\n","protected":false},"excerpt":{"rendered":"<p>Der Bundesvorstand der EVG hat den Weg frei gemacht f\u00fcr das Schlichtungsverfahren bei der Deutschen Bahn. Zugleich hat das h\u00f6chste politische EVG-Gremium zwischen den Gewerkschaftstagen die Tarifabschl\u00fcsse in 20 Unternehmen der SPNV-Branche angenommen. Damit wird am 17.07.2023 die Schlichtung beginnen. W\u00e4hrenddessen laufen bei der EVG die Vorbereitungen f\u00fcr eine Urabstimmung weiter.<\/p>\n","protected":false},"author":1,"featured_media":0,"comment_status":"open","ping_status":"open","sticky":false,"template":"","format":"standard","meta":{"footnotes":""},"categories":[1038],"tags":[],"class_list":["post-38270","post","type-post","status-publish","format-standard","hentry","category-personal"],"_links":{"self":[{"href":"http:\/\/www.railfreight.eu\/dr-ne\/wp-json\/wp\/v2\/posts\/38270","targetHints":{"allow":["GET"]}}],"collection":[{"href":"http:\/\/www.railfreight.eu\/dr-ne\/wp-json\/wp\/v2\/posts"}],"about":[{"href":"http:\/\/www.railfreight.eu\/dr-ne\/wp-json\/wp\/v2\/types\/post"}],"author":[{"embeddable":true,"href":"http:\/\/www.railfreight.eu\/dr-ne\/wp-json\/wp\/v2\/users\/1"}],"replies":[{"embeddable":true,"href":"http:\/\/www.railfreight.eu\/dr-ne\/wp-json\/wp\/v2\/comments?post=38270"}],"version-history":[{"count":1,"href":"http:\/\/www.railfreight.eu\/dr-ne\/wp-json\/wp\/v2\/posts\/38270\/revisions"}],"predecessor-version":[{"id":38271,"href":"http:\/\/www.railfreight.eu\/dr-ne\/wp-json\/wp\/v2\/posts\/38270\/revisions\/38271"}],"wp:attachment":[{"href":"http:\/\/www.railfreight.eu\/dr-ne\/wp-json\/wp\/v2\/media?parent=38270"}],"wp:term":[{"taxonomy":"category","embeddable":true,"href":"http:\/\/www.railfreight.eu\/dr-ne\/wp-json\/wp\/v2\/categories?post=38270"},{"taxonomy":"post_tag","embeddable":true,"href":"http:\/\/www.railfreight.eu\/dr-ne\/wp-json\/wp\/v2\/tags?post=38270"}],"curies":[{"name":"wp","href":"https:\/\/api.w.org\/{rel}","templated":true}]}}