{"id":38638,"date":"2023-08-01T21:16:21","date_gmt":"2023-08-01T19:16:21","guid":{"rendered":"http:\/\/www.railfreight.eu\/dr-ne\/?p=38638"},"modified":"2023-08-03T10:37:10","modified_gmt":"2023-08-03T08:37:10","slug":"on-track-williges-junior-uebernimmt","status":"publish","type":"post","link":"http:\/\/www.railfreight.eu\/dr-ne\/2023-08-01-on-track-williges-junior-uebernimmt\/","title":{"rendered":"On track: Williges Junior \u00fcbernimmt"},"content":{"rendered":"\n<p>Im Zuge der Nachfolgeregelung \u00fcbernimmt Marc Williges die Funktion des Gesch\u00e4ftsf\u00fchrers der On track GmbH mit sofortiger Wirkung und beerbt damit seinen Vater und den in Zukunft k\u00fcrzertretenden Gr\u00fcndergesch\u00e4ftsf\u00fchrer Uwe Williges , welcher bis dato das Unternehmen alleinverantwortlich leitete. Er wird bis auf Weiteres kommissarisch als operativer Leiter bis zum 31.03.2024 t\u00e4tig sein.<br><br>Marc Williges ist bereits seit acht Jahren im Unternehmen und trug als Wirtschaftsingenieur unter Anderem in der Funktion der Assistenz der Gesch\u00e4ftsf\u00fchrung und des Kaufm\u00e4nnischen Leiters zum Unternehmenswachstums bei.<\/p>\n","protected":false},"excerpt":{"rendered":"<p>Im Zuge der Nachfolgeregelung \u00fcbernimmt Marc Williges die Funktion des Gesch\u00e4ftsf\u00fchrers der On track GmbH mit sofortiger Wirkung und beerbt damit seinen Vater und den in Zukunft k\u00fcrzertretenden Gr\u00fcndergesch\u00e4ftsf\u00fchrer Uwe Williges , welcher bis dato das Unternehmen alleinverantwortlich leitete. Er wird bis auf Weiteres kommissarisch als operativer Leiter bis zum 31.03.2024 t\u00e4tig sein. Marc Williges &hellip; <\/p>\n<p class=\"link-more\"><a href=\"http:\/\/www.railfreight.eu\/dr-ne\/2023-08-01-on-track-williges-junior-uebernimmt\/\" class=\"more-link\"><span class=\"screen-reader-text\">\u201eOn track: Williges Junior \u00fcbernimmt\u201c<\/span> weiterlesen<\/a><\/p>\n","protected":false},"author":1,"featured_media":0,"comment_status":"open","ping_status":"open","sticky":false,"template":"","format":"standard","meta":{"footnotes":""},"categories":[2],"tags":[2525,2623],"class_list":["post-38638","post","type-post","status-publish","format-standard","hentry","category-personalien","tag-deutschland","tag-on-track"],"_links":{"self":[{"href":"http:\/\/www.railfreight.eu\/dr-ne\/wp-json\/wp\/v2\/posts\/38638","targetHints":{"allow":["GET"]}}],"collection":[{"href":"http:\/\/www.railfreight.eu\/dr-ne\/wp-json\/wp\/v2\/posts"}],"about":[{"href":"http:\/\/www.railfreight.eu\/dr-ne\/wp-json\/wp\/v2\/types\/post"}],"author":[{"embeddable":true,"href":"http:\/\/www.railfreight.eu\/dr-ne\/wp-json\/wp\/v2\/users\/1"}],"replies":[{"embeddable":true,"href":"http:\/\/www.railfreight.eu\/dr-ne\/wp-json\/wp\/v2\/comments?post=38638"}],"version-history":[{"count":3,"href":"http:\/\/www.railfreight.eu\/dr-ne\/wp-json\/wp\/v2\/posts\/38638\/revisions"}],"predecessor-version":[{"id":38663,"href":"http:\/\/www.railfreight.eu\/dr-ne\/wp-json\/wp\/v2\/posts\/38638\/revisions\/38663"}],"wp:attachment":[{"href":"http:\/\/www.railfreight.eu\/dr-ne\/wp-json\/wp\/v2\/media?parent=38638"}],"wp:term":[{"taxonomy":"category","embeddable":true,"href":"http:\/\/www.railfreight.eu\/dr-ne\/wp-json\/wp\/v2\/categories?post=38638"},{"taxonomy":"post_tag","embeddable":true,"href":"http:\/\/www.railfreight.eu\/dr-ne\/wp-json\/wp\/v2\/tags?post=38638"}],"curies":[{"name":"wp","href":"https:\/\/api.w.org\/{rel}","templated":true}]}}