{"id":38958,"date":"2023-08-23T11:52:00","date_gmt":"2023-08-23T09:52:00","guid":{"rendered":"http:\/\/www.railfreight.eu\/dr-ne\/?p=38958"},"modified":"2023-08-23T11:56:54","modified_gmt":"2023-08-23T09:56:54","slug":"elfenhorst-wechselt-zu-ep-cargo","status":"publish","type":"post","link":"http:\/\/www.railfreight.eu\/dr-ne\/2023-08-23-elfenhorst-wechselt-zu-ep-cargo\/","title":{"rendered":"Elfenhorst wechselt zu EP Cargo"},"content":{"rendered":"\n<p><em><strong>+++ Dies ist eine Meldung vom 08.08.2023 &#8211; Wegen Urlaub der Redaktion erschien diese zu einem sp\u00e4teren Zeitpunkt +++<\/strong><\/em><\/p>\n\n\n\n<p>Jan Elfenhorst ist seit 01.08.2023 Director for European Rail Strategy bei EP Logistics International (EPLI), CEO and Vorstandsvorstzender bei der EPLI-Tochter LOCON Logistik &amp; Consulting AG und Gesch\u00e4ftsf\u00fchrer der EP Cargo Deutschland GmbH (EPCD). R\u00fcdiger Lorentz , der diese Funktionen bei LOCON und EPCD bisher inne hatte, konzentriert sich auf das Rohstoff- und Handelsgesch\u00e4ft der Gruppe und wird dem Vernehmen nach ein Key Account Management f\u00fcr die internen Baseload-Kunden aufbauen. Elfenhorst war zuvor sechs Jahre bei Lineas und unter anderem General Manager Deutschland und Regional Director Central &amp; East bei Lineas.<\/p>\n","protected":false},"excerpt":{"rendered":"<p>+++ Dies ist eine Meldung vom 08.08.2023 &#8211; Wegen Urlaub der Redaktion erschien diese zu einem sp\u00e4teren Zeitpunkt +++ Jan Elfenhorst ist seit 01.08.2023 Director for European Rail Strategy bei EP Logistics International (EPLI), CEO and Vorstandsvorstzender bei der EPLI-Tochter LOCON Logistik &amp; Consulting AG und Gesch\u00e4ftsf\u00fchrer der EP Cargo Deutschland GmbH (EPCD). R\u00fcdiger Lorentz &hellip; <\/p>\n<p class=\"link-more\"><a href=\"http:\/\/www.railfreight.eu\/dr-ne\/2023-08-23-elfenhorst-wechselt-zu-ep-cargo\/\" class=\"more-link\"><span class=\"screen-reader-text\">\u201eElfenhorst wechselt zu EP Cargo\u201c<\/span> weiterlesen<\/a><\/p>\n","protected":false},"author":1,"featured_media":0,"comment_status":"open","ping_status":"open","sticky":false,"template":"","format":"standard","meta":{"footnotes":""},"categories":[2],"tags":[],"class_list":["post-38958","post","type-post","status-publish","format-standard","hentry","category-personalien"],"_links":{"self":[{"href":"http:\/\/www.railfreight.eu\/dr-ne\/wp-json\/wp\/v2\/posts\/38958","targetHints":{"allow":["GET"]}}],"collection":[{"href":"http:\/\/www.railfreight.eu\/dr-ne\/wp-json\/wp\/v2\/posts"}],"about":[{"href":"http:\/\/www.railfreight.eu\/dr-ne\/wp-json\/wp\/v2\/types\/post"}],"author":[{"embeddable":true,"href":"http:\/\/www.railfreight.eu\/dr-ne\/wp-json\/wp\/v2\/users\/1"}],"replies":[{"embeddable":true,"href":"http:\/\/www.railfreight.eu\/dr-ne\/wp-json\/wp\/v2\/comments?post=38958"}],"version-history":[{"count":1,"href":"http:\/\/www.railfreight.eu\/dr-ne\/wp-json\/wp\/v2\/posts\/38958\/revisions"}],"predecessor-version":[{"id":38959,"href":"http:\/\/www.railfreight.eu\/dr-ne\/wp-json\/wp\/v2\/posts\/38958\/revisions\/38959"}],"wp:attachment":[{"href":"http:\/\/www.railfreight.eu\/dr-ne\/wp-json\/wp\/v2\/media?parent=38958"}],"wp:term":[{"taxonomy":"category","embeddable":true,"href":"http:\/\/www.railfreight.eu\/dr-ne\/wp-json\/wp\/v2\/categories?post=38958"},{"taxonomy":"post_tag","embeddable":true,"href":"http:\/\/www.railfreight.eu\/dr-ne\/wp-json\/wp\/v2\/tags?post=38958"}],"curies":[{"name":"wp","href":"https:\/\/api.w.org\/{rel}","templated":true}]}}