{"id":38969,"date":"2023-08-23T11:55:02","date_gmt":"2023-08-23T09:55:02","guid":{"rendered":"http:\/\/www.railfreight.eu\/dr-ne\/?p=38969"},"modified":"2023-08-23T11:56:24","modified_gmt":"2023-08-23T09:56:24","slug":"pcc-intermodal-startet-gliwice-padova","status":"publish","type":"post","link":"http:\/\/www.railfreight.eu\/dr-ne\/2023-08-23-pcc-intermodal-startet-gliwice-padova\/","title":{"rendered":"PCC Intermodal startet Gliwice &#8211; Padova"},"content":{"rendered":"\n<p><em><strong>+++ Dies ist eine Meldung vom 04.08.2023 &#8211; Wegen Urlaub der Redaktion erschien diese zu einem sp\u00e4teren Zeitpunkt +++<\/strong><\/em><\/p>\n\n\n\n<p>PCC Intermodal verbindet mit einem neuen Dienst Gliwice [PL] und Padova []IT]. Nach Tests im Juli 2023 wurden nun sieben Rundl\u00e4ufe pro Woche eingef\u00fchrt. Die Traktion \u00fcbernimmt Captrain, die Waggons stellt PCC Intermodal.<\/p>\n\n\n\n<figure class=\"wp-block-image size-large\"><img loading=\"lazy\" decoding=\"async\" width=\"1024\" height=\"684\" src=\"http:\/\/www.railfreight.eu\/dr-ne\/wp-content\/uploads\/2023\/08\/It_mapa_png-1200x801-1-1024x684.png\" alt=\"\" class=\"wp-image-38780\" srcset=\"http:\/\/www.railfreight.eu\/dr-ne\/wp-content\/uploads\/2023\/08\/It_mapa_png-1200x801-1-1024x684.png 1024w, http:\/\/www.railfreight.eu\/dr-ne\/wp-content\/uploads\/2023\/08\/It_mapa_png-1200x801-1-300x200.png 300w, http:\/\/www.railfreight.eu\/dr-ne\/wp-content\/uploads\/2023\/08\/It_mapa_png-1200x801-1-768x513.png 768w, http:\/\/www.railfreight.eu\/dr-ne\/wp-content\/uploads\/2023\/08\/It_mapa_png-1200x801-1.png 1200w\" sizes=\"auto, (max-width: 767px) 89vw, (max-width: 1000px) 54vw, (max-width: 1071px) 543px, 580px\" \/><figcaption class=\"wp-element-caption\">Grafikl: PCC Intermodal<\/figcaption><\/figure>\n","protected":false},"excerpt":{"rendered":"<p>+++ Dies ist eine Meldung vom 04.08.2023 &#8211; Wegen Urlaub der Redaktion erschien diese zu einem sp\u00e4teren Zeitpunkt +++ PCC Intermodal verbindet mit einem neuen Dienst Gliwice [PL] und Padova []IT]. Nach Tests im Juli 2023 wurden nun sieben Rundl\u00e4ufe pro Woche eingef\u00fchrt. Die Traktion \u00fcbernimmt Captrain, die Waggons stellt PCC Intermodal.<\/p>\n","protected":false},"author":1,"featured_media":0,"comment_status":"open","ping_status":"open","sticky":false,"template":"","format":"standard","meta":{"footnotes":""},"categories":[32],"tags":[],"class_list":["post-38969","post","type-post","status-publish","format-standard","hentry","category-verkehr"],"_links":{"self":[{"href":"http:\/\/www.railfreight.eu\/dr-ne\/wp-json\/wp\/v2\/posts\/38969","targetHints":{"allow":["GET"]}}],"collection":[{"href":"http:\/\/www.railfreight.eu\/dr-ne\/wp-json\/wp\/v2\/posts"}],"about":[{"href":"http:\/\/www.railfreight.eu\/dr-ne\/wp-json\/wp\/v2\/types\/post"}],"author":[{"embeddable":true,"href":"http:\/\/www.railfreight.eu\/dr-ne\/wp-json\/wp\/v2\/users\/1"}],"replies":[{"embeddable":true,"href":"http:\/\/www.railfreight.eu\/dr-ne\/wp-json\/wp\/v2\/comments?post=38969"}],"version-history":[{"count":1,"href":"http:\/\/www.railfreight.eu\/dr-ne\/wp-json\/wp\/v2\/posts\/38969\/revisions"}],"predecessor-version":[{"id":38970,"href":"http:\/\/www.railfreight.eu\/dr-ne\/wp-json\/wp\/v2\/posts\/38969\/revisions\/38970"}],"wp:attachment":[{"href":"http:\/\/www.railfreight.eu\/dr-ne\/wp-json\/wp\/v2\/media?parent=38969"}],"wp:term":[{"taxonomy":"category","embeddable":true,"href":"http:\/\/www.railfreight.eu\/dr-ne\/wp-json\/wp\/v2\/categories?post=38969"},{"taxonomy":"post_tag","embeddable":true,"href":"http:\/\/www.railfreight.eu\/dr-ne\/wp-json\/wp\/v2\/tags?post=38969"}],"curies":[{"name":"wp","href":"https:\/\/api.w.org\/{rel}","templated":true}]}}