{"id":39045,"date":"2023-08-28T11:35:05","date_gmt":"2023-08-28T09:35:05","guid":{"rendered":"http:\/\/www.railfreight.eu\/dr-ne\/?p=39045"},"modified":"2023-08-28T11:36:13","modified_gmt":"2023-08-28T09:36:13","slug":"kraemer-und-przybylla-leiten-hgk-intermodal","status":"publish","type":"post","link":"http:\/\/www.railfreight.eu\/dr-ne\/2023-08-28-kraemer-und-przybylla-leiten-hgk-intermodal\/","title":{"rendered":"Kr\u00e4mer und Przybylla leiten HGK Intermodal"},"content":{"rendered":"\n<p>Die HGK Intermodal GmbH hat ihren Betrieb aufgenommen und wird in der Gesch\u00e4ftsf\u00fchrung von Markus Kr\u00e4mer, CEO der HGK Logistics and Intermodal (neska), und Michaela Przybylla, bisher Gesch\u00e4ftsf\u00fchrerin der Terminals in Duisburg und Krefeld, geleitet. <a href=\"http:\/\/www.railfreight.eu\/dr-ne\/2023\/06\/26\/hgk-terminals-eigene-gesellschaft\/\" data-type=\"post\" data-id=\"37831\">Die trimodalen HGK-Terminals an Rhein und Ruhr haben sich zu der neuen Gesellschaft zusammengeschlossen<\/a>.<\/p>\n\n\n\n<p>Das Managementteam der HGK Intermodal GmbH wird erg\u00e4nzt durch Oliver Grossmann (Terminalstandort K\u00f6ln) und Dirk Meyer (Terminalstandort D\u00fcsseldorf).<\/p>\n","protected":false},"excerpt":{"rendered":"<p>Die HGK Intermodal GmbH hat ihren Betrieb aufgenommen und wird in der Gesch\u00e4ftsf\u00fchrung von Markus Kr\u00e4mer, CEO der HGK Logistics and Intermodal (neska), und Michaela Przybylla, bisher Gesch\u00e4ftsf\u00fchrerin der Terminals in Duisburg und Krefeld, geleitet. Die trimodalen HGK-Terminals an Rhein und Ruhr haben sich zu der neuen Gesellschaft zusammengeschlossen. Das Managementteam der HGK Intermodal GmbH &hellip; <\/p>\n<p class=\"link-more\"><a href=\"http:\/\/www.railfreight.eu\/dr-ne\/2023-08-28-kraemer-und-przybylla-leiten-hgk-intermodal\/\" class=\"more-link\"><span class=\"screen-reader-text\">\u201eKr\u00e4mer und Przybylla leiten HGK Intermodal\u201c<\/span> weiterlesen<\/a><\/p>\n","protected":false},"author":1,"featured_media":0,"comment_status":"open","ping_status":"open","sticky":false,"template":"","format":"standard","meta":{"footnotes":""},"categories":[2],"tags":[2525,987],"class_list":["post-39045","post","type-post","status-publish","format-standard","hentry","category-personalien","tag-deutschland","tag-hgk"],"_links":{"self":[{"href":"http:\/\/www.railfreight.eu\/dr-ne\/wp-json\/wp\/v2\/posts\/39045","targetHints":{"allow":["GET"]}}],"collection":[{"href":"http:\/\/www.railfreight.eu\/dr-ne\/wp-json\/wp\/v2\/posts"}],"about":[{"href":"http:\/\/www.railfreight.eu\/dr-ne\/wp-json\/wp\/v2\/types\/post"}],"author":[{"embeddable":true,"href":"http:\/\/www.railfreight.eu\/dr-ne\/wp-json\/wp\/v2\/users\/1"}],"replies":[{"embeddable":true,"href":"http:\/\/www.railfreight.eu\/dr-ne\/wp-json\/wp\/v2\/comments?post=39045"}],"version-history":[{"count":2,"href":"http:\/\/www.railfreight.eu\/dr-ne\/wp-json\/wp\/v2\/posts\/39045\/revisions"}],"predecessor-version":[{"id":39047,"href":"http:\/\/www.railfreight.eu\/dr-ne\/wp-json\/wp\/v2\/posts\/39045\/revisions\/39047"}],"wp:attachment":[{"href":"http:\/\/www.railfreight.eu\/dr-ne\/wp-json\/wp\/v2\/media?parent=39045"}],"wp:term":[{"taxonomy":"category","embeddable":true,"href":"http:\/\/www.railfreight.eu\/dr-ne\/wp-json\/wp\/v2\/categories?post=39045"},{"taxonomy":"post_tag","embeddable":true,"href":"http:\/\/www.railfreight.eu\/dr-ne\/wp-json\/wp\/v2\/tags?post=39045"}],"curies":[{"name":"wp","href":"https:\/\/api.w.org\/{rel}","templated":true}]}}