{"id":40485,"date":"2023-10-23T22:24:48","date_gmt":"2023-10-23T20:24:48","guid":{"rendered":"http:\/\/www.railfreight.eu\/dr-ne\/?p=40485"},"modified":"2023-10-26T13:02:41","modified_gmt":"2023-10-26T11:02:41","slug":"lineas-will-auf-schluesselmaerkten-wachsen","status":"publish","type":"post","link":"http:\/\/www.railfreight.eu\/dr-ne\/2023-10-23-lineas-will-auf-schluesselmaerkten-wachsen\/","title":{"rendered":"Lineas will auf Schl\u00fcsselm\u00e4rkten wachsen"},"content":{"rendered":"\n<p>Die G\u00fcterbahn Lineas will auf den Schl\u00fcsselm\u00e4rkten Belgien, Niederlande, Frankreich <a href=\"http:\/\/www.railfreight.eu\/dr-ne\/2023\/10\/23\/lineas-will-in-deutschland-in-die-top-5\/\" data-type=\"post\" data-id=\"40490\">und Deutschland<\/a> wachsen und verfolgt dabei einen &#8222;kompromisslos kundenorientierten Ansatz&#8220;. Dies teilte der seit Februar 2022 amtierende Group-CEO Bernard Gustin am 23.10.2023 auf einem Pressegespr\u00e4ch mit. <\/p>\n\n\n\n<p>In Kombination mit dringend ben\u00f6tigten Finanzmitteln soll die Sanierung der G\u00fcterbahn vorangetrieben werden. Das genannte Handwerkszeug wie beispielsweise das Ausnutzen einer strategisch guten und teilweise marktbeherrschenden Lage in H\u00e4fen, das Beenden von defizit\u00e4ren Engagements, ein Ausbau der Kundenbindung und -orientierung, die Digitalisierung, die Fokussierung auf ausgew\u00e4hlte Achsen sowie das Zur\u00fcckfahren von Eigenproduktion und finanzieller Verantwortung von Z\u00fcgen als Operateur klingen plausibel &#8211; sind aber durchaus verbreitet und in der Branche keinesfalls neu (&#8222;klassischer Manager-Baukasten&#8220;).<\/p>\n\n\n\n<figure class=\"wp-block-image size-full\"><img loading=\"lazy\" decoding=\"async\" width=\"1000\" height=\"704\" src=\"http:\/\/www.railfreight.eu\/dr-ne\/wp-content\/uploads\/2023\/10\/lineas-maerkte.jpg\" alt=\"\" class=\"wp-image-40486\" srcset=\"http:\/\/www.railfreight.eu\/dr-ne\/wp-content\/uploads\/2023\/10\/lineas-maerkte.jpg 1000w, http:\/\/www.railfreight.eu\/dr-ne\/wp-content\/uploads\/2023\/10\/lineas-maerkte-300x211.jpg 300w, http:\/\/www.railfreight.eu\/dr-ne\/wp-content\/uploads\/2023\/10\/lineas-maerkte-768x541.jpg 768w\" sizes=\"auto, (max-width: 767px) 89vw, (max-width: 1000px) 54vw, (max-width: 1071px) 543px, 580px\" \/><figcaption class=\"wp-element-caption\">Aktuelle Selbsteinsch\u00e4tzung von Lineas auf Basis der Umsatzzahlen. Grafik: Lineas<\/figcaption><\/figure>\n\n\n\n<p>Als guten Wachstumsmarkt hat Lineas dabei Frankreich auserkoren. Dort muss Incumbant Fret SNCF aufgrund einer Klage der EU-Kommission wegen illegaler Beihilfen Verkehre abgeben. Ein leichtes Spiel f\u00fcr Mitbewerber also. In anderen M\u00e4rkten bleibt abzuwarten, ob das Wachstum \u00fcber Verdr\u00e4ngung oder eine Verlagerung von der Stra\u00dfe auf die Schiene erreicht werden kann. Gerade in Deutschland sorgen mit merklich schwindendem Aufkommen beim Lkw frei werdende Kapazit\u00e4ten f\u00fcr eine R\u00fcckverlagerung auf die Stra\u00dfe. Dekarbonisierungsstrategien zum Trotze.<\/p>\n\n\n\n<figure class=\"wp-block-image size-full\"><img loading=\"lazy\" decoding=\"async\" width=\"1000\" height=\"561\" src=\"http:\/\/www.railfreight.eu\/dr-ne\/wp-content\/uploads\/2023\/10\/lineas-haefen.jpg\" alt=\"\" class=\"wp-image-40508\" srcset=\"http:\/\/www.railfreight.eu\/dr-ne\/wp-content\/uploads\/2023\/10\/lineas-haefen.jpg 1000w, http:\/\/www.railfreight.eu\/dr-ne\/wp-content\/uploads\/2023\/10\/lineas-haefen-300x168.jpg 300w, http:\/\/www.railfreight.eu\/dr-ne\/wp-content\/uploads\/2023\/10\/lineas-haefen-768x431.jpg 768w\" sizes=\"auto, (max-width: 767px) 89vw, (max-width: 1000px) 54vw, (max-width: 1071px) 543px, 580px\" \/><figcaption class=\"wp-element-caption\">Lineas und Hafenstandorte. Grafik: Lineas<\/figcaption><\/figure>\n\n\n\n<p>Der Manager sieht sein Unternehmen als sehr gut positioniert an: &#8222;St\u00e4rken von Lineas: Lage, Lage, Lage&#8220;. In den Seeh\u00e4fen Antwerpen, Zeebrugge, Gent und Rotterdam als Quelle und Senke von Transporten sei das Unternehmen mit &#8222;einer starken Pr\u00e4senz&#8220; vertreten. <\/p>\n\n\n\n<p>Doch alleine \u00fcber ein Wachstum d\u00fcrfte der Turnaround nicht gelingen, denn <a href=\"http:\/\/www.railfreight.eu\/dr-ne\/2023\/10\/23\/lineas-will-2024-rentabel-sein\/\" data-type=\"post\" data-id=\"40404\">schon im kommenden Jahr will Lineas schwarze Zahlen schreiben<\/a> . F\u00fcr eine kurzfristige Rettung ben\u00f6tigt die G\u00fcterbahn noch eine weitere Finanzspritze. Das Unternehmen hatte sich Ende 2022 <a href=\"http:\/\/www.railfreight.eu\/dr-ne\/2022\/10\/17\/lineas-benoetigt-100-mio-eur-fuer-sanierung\/\" data-type=\"post\" data-id=\"31402\">auf die Suche nach ben\u00f6tigten Finanzmitteln in H\u00f6he von 100 Mio. EUR<\/a> begeben. Im Mai 2023 waren zun\u00e4chst 20 Mio. EUR durch die beiden Gesellschafter, den franz\u00f6sischen Investmentfonds Argos Wityu und SFPIM, dem Investitionsvehikel der belgischen Bundesregierung eingebracht worden. Im Rahmen der Aufstockung hatte SFPIM seinen Anteil von 10 % auf 35 % erh\u00f6ht. Laut Lineas laufen aktuell weiterhin Gespr\u00e4che mit Dritten bez\u00fcglich der Gewinnung von Finanzmitteln.<\/p>\n\n\n\n<figure class=\"wp-block-image size-full\"><img loading=\"lazy\" decoding=\"async\" width=\"300\" height=\"235\" src=\"http:\/\/www.railfreight.eu\/dr-ne\/wp-content\/uploads\/2023\/10\/lineas-gesellschafter.jpg\" alt=\"\" class=\"wp-image-40482\"\/><figcaption class=\"wp-element-caption\">Gesellschafter von Lineas. Grafik: Lineas<\/figcaption><\/figure>\n\n\n\n<p>Die G\u00fcterbahn sieht sich trotz 35 % staatlicher Beteiligung als &#8222;gr\u00f6\u00dfter privater Schieneng\u00fcterverkehrsbetreiber in Europa&#8220;. Aktuell hat das Unternehmen 1.750 Mitarbeiter, davon sind ca. 500 national und international t\u00e4tige Triebfahrzeugf\u00fchrer. Ein im Vergleich zur gesamten Mitarbeiterzahl \u00fcberraschend niedriger Wert. F\u00fcr die Produktion werden 250 Loks und 6.700 Waggons genutzt. In den vergangenen Jahren hatte Lineas zur bilanziellen Verbesserung <a href=\"http:\/\/www.railfreight.eu\/dr-ne\/2021\/11\/19\/lineas-sale-and-lease-back-mit-ermewa-und-beacon\/\" data-type=\"post\" data-id=\"22288\">zahlreiche Fahrzeuge ver\u00e4u\u00dfert und zur\u00fcckgemietet<\/a>.<\/p>\n\n\n\n<p>Die Sanierung des Unternehmens fu\u00dft laut Gustin auf einer &#8222;realistischen leistungsorientierte Strategie&#8220;:<\/p>\n\n\n\n<ul class=\"wp-block-list\">\n<li>Vereinfachung der Produkte &amp; Fokus<\/li>\n\n\n\n<li>Kommerzielle Nachhaltigkeit &amp; Verwaltung von Vertr\u00e4gen<\/li>\n\n\n\n<li>Kundenzentrierung, Operative Exzellenz<\/li>\n\n\n\n<li>Eine an die Strategie angepasste Organisation<\/li>\n<\/ul>\n\n\n\n<figure class=\"wp-block-image size-full\"><img loading=\"lazy\" decoding=\"async\" width=\"1000\" height=\"447\" src=\"http:\/\/www.railfreight.eu\/dr-ne\/wp-content\/uploads\/2023\/10\/lineas-portfolio.jpg\" alt=\"\" class=\"wp-image-40487\" srcset=\"http:\/\/www.railfreight.eu\/dr-ne\/wp-content\/uploads\/2023\/10\/lineas-portfolio.jpg 1000w, http:\/\/www.railfreight.eu\/dr-ne\/wp-content\/uploads\/2023\/10\/lineas-portfolio-300x134.jpg 300w, http:\/\/www.railfreight.eu\/dr-ne\/wp-content\/uploads\/2023\/10\/lineas-portfolio-768x343.jpg 768w\" sizes=\"auto, (max-width: 767px) 89vw, (max-width: 1000px) 54vw, (max-width: 1071px) 543px, 580px\" \/><figcaption class=\"wp-element-caption\">Diversifiziertes Portfolio aus vier verschiedenen Produkten. Grafik: Lineas<\/figcaption><\/figure>\n\n\n\n<p>Im Rahmen des Sanierungsplanes ist eine Vereinfachung des Angebots bzw. die <br>Eliminierung unrentabler Routen bzw. Vertr\u00e4ge laut Gustin bereits weit fortgeschritten. Das Einzelwagennetz ist nun kostendeckend, das von seinem Vorg\u00e4nger Geert Pauwels initiierte und laut Gustin unrentable &#8222;Green Xpress Network&#8220; (GXN) f\u00fcr Einzelwagen und Wagengruppen wurde eingestellt. Zuk\u00fcnftig will sich Lineas auf eine geringere Anzahl bedienter Korridore beschr\u00e4nken und auf profitable Aktivit\u00e4ten au\u00dferhalb der Korridore abzielen. Dies bedeutet auch mehr Ganzzugaktivit\u00e4ten als reines EVU sowie einen mehrheitlichen R\u00fcckzug aus der Verantwortung als Zugoperateur mit entsprechend h\u00f6herem Risiko. Lineas hat laut Gustin bereits eine &#8222;Preisanpassung an die Bed\u00fcrfnisse unserer Kunden und die Realit\u00e4t unseres Betriebs&#8220; durchgef\u00fchrt.<\/p>\n\n\n\n<p>Ein &#8222;kompromisslos kundenorientierter Ansatz&#8220; bedeutet f\u00fcr die G\u00fcterbahn auch einen Fokus auf st\u00e4ndige Verbesserung der Kundenzufriedenheit. Diese wird laut Lineas w\u00f6chentlich erhoben und habe sich stetig verbessert. Dazu h\u00e4tten auch digitale L\u00f6sungen beigetragen wie beispielsweise das Trackingtool &#8222;MyLineas&#8220;, das Kunden auch bei fehlender GPS-Ausr\u00fcstung von Wagen eine Verfolgung der Ladung erm\u00f6glicht. Lineas erh\u00e4lt Daten von Partnern, Infrastrukturbetreibern und GPS-Ger\u00e4ten auf Waggons und Lokomotiven und wandelt diese in zusammengefasste Informationen \u00fcber die Transporte seiner Kunden um.<\/p>\n\n\n\n<p>\u00dcber ein eingef\u00fchrtes &#8222;Patenschaftsprogramm&#8220; sollen engere Kundenbeziehungen aufgebaut und das Unternehmen auf die Bed\u00fcrfnisse der Kunden ausgerichtet werden. \u00c4hnlich einem Key-Account-System wurden dabei den Lineas-TOP-Managern Kunden zugeteilt, die mehrfach pro Jahr pers\u00f6nlich kontaktiert werden sollen. Eine st\u00e4rkere Ausrichtung auf den Kunden und dessen Prozesse zeigt auch personelle Entscheidung f\u00fcr den neuen country manager Deutschland: <a href=\"http:\/\/www.railfreight.eu\/dr-ne\/2023\/10\/23\/lineas-plikat-neuer-deutschlandchef\/\" data-type=\"post\" data-id=\"40401\">Andreas Plikat ist supply chain-Fachmann und nicht Bahnvertriebler, wie sein Vorg\u00e4nger<\/a>.<\/p>\n\n\n\n<p>Gustin als Ex-Chef von Chef von Brussels Airlines will sich zudem in der Eigenproduktion beschr\u00e4nken und hofft auf Kooperationen unter den Bahnen nach dem Vorbild der Airlines in der Passage. Erste Gespr\u00e4che dazu sind laut Lineas bereits gef\u00fchrt &#8211; Definitives soll in den &#8222;n\u00e4chsten zwei, drei Monaten&#8220; verk\u00fcndet werden.<\/p>\n\n\n\n<figure class=\"wp-block-image size-full\"><img loading=\"lazy\" decoding=\"async\" width=\"1000\" height=\"583\" src=\"http:\/\/www.railfreight.eu\/dr-ne\/wp-content\/uploads\/2023\/10\/lineas-linien.jpg\" alt=\"\" class=\"wp-image-40489\" srcset=\"http:\/\/www.railfreight.eu\/dr-ne\/wp-content\/uploads\/2023\/10\/lineas-linien.jpg 1000w, http:\/\/www.railfreight.eu\/dr-ne\/wp-content\/uploads\/2023\/10\/lineas-linien-300x175.jpg 300w, http:\/\/www.railfreight.eu\/dr-ne\/wp-content\/uploads\/2023\/10\/lineas-linien-768x448.jpg 768w\" sizes=\"auto, (max-width: 767px) 89vw, (max-width: 1000px) 54vw, (max-width: 1071px) 543px, 580px\" \/><figcaption class=\"wp-element-caption\">Netzwerk von Lineas. Grafik: Lineas<\/figcaption><\/figure>\n","protected":false},"excerpt":{"rendered":"<p>Die G\u00fcterbahn Lineas will auf den Schl\u00fcsselm\u00e4rkten Belgien, Niederlande, Frankreich und Deutschland wachsen und verfolgt dabei einen &#8222;kompromisslos kundenorientierten Ansatz&#8220;. Dies teilte der seit Februar 2022 amtierende Group-CEO Bernard Gustin am 23.10.2023 auf einem Pressegespr\u00e4ch mit. In Kombination mit dringend ben\u00f6tigten Finanzmitteln soll die Sanierung der G\u00fcterbahn vorangetrieben werden. Das genannte Handwerkszeug wie beispielsweise das &hellip; <\/p>\n<p class=\"link-more\"><a href=\"http:\/\/www.railfreight.eu\/dr-ne\/2023-10-23-lineas-will-auf-schluesselmaerkten-wachsen\/\" class=\"more-link\"><span class=\"screen-reader-text\">\u201eLineas will auf Schl\u00fcsselm\u00e4rkten wachsen\u201c<\/span> weiterlesen<\/a><\/p>\n","protected":false},"author":1,"featured_media":0,"comment_status":"open","ping_status":"open","sticky":false,"template":"","format":"standard","meta":{"footnotes":""},"categories":[13],"tags":[],"class_list":["post-40485","post","type-post","status-publish","format-standard","hentry","category-unternehmen"],"_links":{"self":[{"href":"http:\/\/www.railfreight.eu\/dr-ne\/wp-json\/wp\/v2\/posts\/40485","targetHints":{"allow":["GET"]}}],"collection":[{"href":"http:\/\/www.railfreight.eu\/dr-ne\/wp-json\/wp\/v2\/posts"}],"about":[{"href":"http:\/\/www.railfreight.eu\/dr-ne\/wp-json\/wp\/v2\/types\/post"}],"author":[{"embeddable":true,"href":"http:\/\/www.railfreight.eu\/dr-ne\/wp-json\/wp\/v2\/users\/1"}],"replies":[{"embeddable":true,"href":"http:\/\/www.railfreight.eu\/dr-ne\/wp-json\/wp\/v2\/comments?post=40485"}],"version-history":[{"count":9,"href":"http:\/\/www.railfreight.eu\/dr-ne\/wp-json\/wp\/v2\/posts\/40485\/revisions"}],"predecessor-version":[{"id":40558,"href":"http:\/\/www.railfreight.eu\/dr-ne\/wp-json\/wp\/v2\/posts\/40485\/revisions\/40558"}],"wp:attachment":[{"href":"http:\/\/www.railfreight.eu\/dr-ne\/wp-json\/wp\/v2\/media?parent=40485"}],"wp:term":[{"taxonomy":"category","embeddable":true,"href":"http:\/\/www.railfreight.eu\/dr-ne\/wp-json\/wp\/v2\/categories?post=40485"},{"taxonomy":"post_tag","embeddable":true,"href":"http:\/\/www.railfreight.eu\/dr-ne\/wp-json\/wp\/v2\/tags?post=40485"}],"curies":[{"name":"wp","href":"https:\/\/api.w.org\/{rel}","templated":true}]}}