{"id":40901,"date":"2023-11-09T22:29:59","date_gmt":"2023-11-09T21:29:59","guid":{"rendered":"http:\/\/www.railfreight.eu\/dr-ne\/?p=40901"},"modified":"2023-11-10T12:10:58","modified_gmt":"2023-11-10T11:10:58","slug":"storm-ohm-verlaesst-northrail","status":"publish","type":"post","link":"http:\/\/www.railfreight.eu\/dr-ne\/2023-11-09-storm-ohm-verlaesst-northrail\/","title":{"rendered":"Storm-Ohm verl\u00e4sst Northrail"},"content":{"rendered":"\n<p>Juliane Storm-Ohm, Mitglied des Vorstandes und Chief Operating Officer der Northrail<br>AG sowie Gesch\u00e4ftsf\u00fchrerin der Northrail GmbH und der Northrail Fahrzeugverwaltung<br>GmbH hat die Gruppe auf eigenen Wunsch zum 09.11.2023 verlassen. Sie m\u00f6chte sich k\u00fcnftig wieder verst\u00e4rkt ihrer Expertise als Maschinenbauingenieurin in der Eisenbahnbranche widmen. Vor dem Wechsel zu Northrail im Juli 2019 war sie zehn Jahre bei Bombardier t\u00e4tig gewesen.<\/p>\n\n\n\n<p>Die Aufgaben von Storm-Ohm werden vor\u00fcbergehend von den<br>Vorstandsmitgliedern der Northrail AG \u00fcbernommen: Dr. Volker Simmering, Chief<br>Executive Officer und Chief Financial Officer, \u00fcbernimmt den Bereich Technik. Michael<br>Trentzsch, Chief Investment Officer, \u00fcbernimmt den Bereich Vertrieb.<\/p>\n\n\n\n<p>Branchenger\u00fcchte, nach denen Storm-Ohm zum Mitbewerber Nexrail wechselt kommentierte das Unternehmen auf Anfrage: &#8222;Ich kann Ihnen sagen, dass wir mit niemandem unterschrieben haben.&#8220;<\/p>\n","protected":false},"excerpt":{"rendered":"<p>Juliane Storm-Ohm, Mitglied des Vorstandes und Chief Operating Officer der NorthrailAG sowie Gesch\u00e4ftsf\u00fchrerin der Northrail GmbH und der Northrail FahrzeugverwaltungGmbH hat die Gruppe auf eigenen Wunsch zum 09.11.2023 verlassen. Sie m\u00f6chte sich k\u00fcnftig wieder verst\u00e4rkt ihrer Expertise als Maschinenbauingenieurin in der Eisenbahnbranche widmen. Vor dem Wechsel zu Northrail im Juli 2019 war sie zehn Jahre &hellip; <\/p>\n<p class=\"link-more\"><a href=\"http:\/\/www.railfreight.eu\/dr-ne\/2023-11-09-storm-ohm-verlaesst-northrail\/\" class=\"more-link\"><span class=\"screen-reader-text\">\u201eStorm-Ohm verl\u00e4sst Northrail\u201c<\/span> weiterlesen<\/a><\/p>\n","protected":false},"author":1,"featured_media":0,"comment_status":"open","ping_status":"open","sticky":false,"template":"","format":"standard","meta":{"footnotes":""},"categories":[2],"tags":[2525,147],"class_list":["post-40901","post","type-post","status-publish","format-standard","hentry","category-personalien","tag-deutschland","tag-northrail"],"_links":{"self":[{"href":"http:\/\/www.railfreight.eu\/dr-ne\/wp-json\/wp\/v2\/posts\/40901","targetHints":{"allow":["GET"]}}],"collection":[{"href":"http:\/\/www.railfreight.eu\/dr-ne\/wp-json\/wp\/v2\/posts"}],"about":[{"href":"http:\/\/www.railfreight.eu\/dr-ne\/wp-json\/wp\/v2\/types\/post"}],"author":[{"embeddable":true,"href":"http:\/\/www.railfreight.eu\/dr-ne\/wp-json\/wp\/v2\/users\/1"}],"replies":[{"embeddable":true,"href":"http:\/\/www.railfreight.eu\/dr-ne\/wp-json\/wp\/v2\/comments?post=40901"}],"version-history":[{"count":3,"href":"http:\/\/www.railfreight.eu\/dr-ne\/wp-json\/wp\/v2\/posts\/40901\/revisions"}],"predecessor-version":[{"id":40958,"href":"http:\/\/www.railfreight.eu\/dr-ne\/wp-json\/wp\/v2\/posts\/40901\/revisions\/40958"}],"wp:attachment":[{"href":"http:\/\/www.railfreight.eu\/dr-ne\/wp-json\/wp\/v2\/media?parent=40901"}],"wp:term":[{"taxonomy":"category","embeddable":true,"href":"http:\/\/www.railfreight.eu\/dr-ne\/wp-json\/wp\/v2\/categories?post=40901"},{"taxonomy":"post_tag","embeddable":true,"href":"http:\/\/www.railfreight.eu\/dr-ne\/wp-json\/wp\/v2\/tags?post=40901"}],"curies":[{"name":"wp","href":"https:\/\/api.w.org\/{rel}","templated":true}]}}