{"id":41042,"date":"2023-11-15T14:27:00","date_gmt":"2023-11-15T13:27:00","guid":{"rendered":"http:\/\/www.railfreight.eu\/dr-ne\/?p=41042"},"modified":"2023-11-15T20:28:26","modified_gmt":"2023-11-15T19:28:26","slug":"northrail-die-geschaeftsfuehrer","status":"publish","type":"post","link":"http:\/\/www.railfreight.eu\/dr-ne\/2023-11-15-northrail-die-geschaeftsfuehrer\/","title":{"rendered":"Northrail: Die Gesch\u00e4ftsf\u00fchrer"},"content":{"rendered":"\n<p>Die Bekanntgabe des <a href=\"http:\/\/www.railfreight.eu\/dr-ne\/2023\/11\/09\/storm-ohm-verlaesst-northrail\/\" data-type=\"post\" data-id=\"40901\">Ausscheidens von Juliane Storm-Ohm<\/a> als Vorstand \/ Gesch\u00e4ftsf\u00fchrerin von Northrail veranlasste uns, die F\u00fchrung der Northrail GmbH (&amp; Co. KG) nach der Gr\u00fcndung 2007 in Bundesanzeiger und Handelsregister zu recherchieren:<\/p>\n\n\n\n<ul class=\"wp-block-list\">\n<li>Dr. Christopher Schroeder 2007-2008<\/li>\n\n\n\n<li>Dr. Georg Herzog 01.2008-10.2009 <\/li>\n\n\n\n<li>Dr. Johannes Stahl xxx &#8211; xxx <\/li>\n\n\n\n<li>Ulrich Krey 03.2008-11.2009 <\/li>\n\n\n\n<li>Jan Schr\u00f6der  12.2008-01.2011 <\/li>\n\n\n\n<li>Maja Halver 08.2008-05.2011 <\/li>\n\n\n\n<li>Lutz Bogs 09.2010-__.201x <\/li>\n\n\n\n<li>Mirko Fischer 01.2010-06.2014 <\/li>\n\n\n\n<li>Jens Sch\u00e4fer 02.2011-10.2012 <\/li>\n\n\n\n<li>Oliver Retzlaff 06.2012-02.2014 <\/li>\n\n\n\n<li>Ralf Wattenberg 02.2014-06.2016 <\/li>\n\n\n\n<li>Dr. Volker Simmering 07.2014-heute <\/li>\n\n\n\n<li>Thomas B\u00f6cher 06.2016-10.2017 <\/li>\n\n\n\n<li>Jens van Laak 10.2017-01.2021 <\/li>\n\n\n\n<li>Juliane Storm-Ohm 07.2019-11.2023<\/li>\n<\/ul>\n","protected":false},"excerpt":{"rendered":"<p>Die Bekanntgabe des Ausscheidens von Juliane Storm-Ohm als Vorstand \/ Gesch\u00e4ftsf\u00fchrerin von Northrail veranlasste uns, die F\u00fchrung der Northrail GmbH (&amp; Co. KG) nach der Gr\u00fcndung 2007 in Bundesanzeiger und Handelsregister zu recherchieren:<\/p>\n","protected":false},"author":1,"featured_media":0,"comment_status":"open","ping_status":"open","sticky":false,"template":"","format":"standard","meta":{"footnotes":""},"categories":[2],"tags":[2525,147],"class_list":["post-41042","post","type-post","status-publish","format-standard","hentry","category-personalien","tag-deutschland","tag-northrail"],"_links":{"self":[{"href":"http:\/\/www.railfreight.eu\/dr-ne\/wp-json\/wp\/v2\/posts\/41042","targetHints":{"allow":["GET"]}}],"collection":[{"href":"http:\/\/www.railfreight.eu\/dr-ne\/wp-json\/wp\/v2\/posts"}],"about":[{"href":"http:\/\/www.railfreight.eu\/dr-ne\/wp-json\/wp\/v2\/types\/post"}],"author":[{"embeddable":true,"href":"http:\/\/www.railfreight.eu\/dr-ne\/wp-json\/wp\/v2\/users\/1"}],"replies":[{"embeddable":true,"href":"http:\/\/www.railfreight.eu\/dr-ne\/wp-json\/wp\/v2\/comments?post=41042"}],"version-history":[{"count":1,"href":"http:\/\/www.railfreight.eu\/dr-ne\/wp-json\/wp\/v2\/posts\/41042\/revisions"}],"predecessor-version":[{"id":41043,"href":"http:\/\/www.railfreight.eu\/dr-ne\/wp-json\/wp\/v2\/posts\/41042\/revisions\/41043"}],"wp:attachment":[{"href":"http:\/\/www.railfreight.eu\/dr-ne\/wp-json\/wp\/v2\/media?parent=41042"}],"wp:term":[{"taxonomy":"category","embeddable":true,"href":"http:\/\/www.railfreight.eu\/dr-ne\/wp-json\/wp\/v2\/categories?post=41042"},{"taxonomy":"post_tag","embeddable":true,"href":"http:\/\/www.railfreight.eu\/dr-ne\/wp-json\/wp\/v2\/tags?post=41042"}],"curies":[{"name":"wp","href":"https:\/\/api.w.org\/{rel}","templated":true}]}}