{"id":41534,"date":"2023-12-05T17:49:15","date_gmt":"2023-12-05T16:49:15","guid":{"rendered":"http:\/\/www.railfreight.eu\/dr-ne\/?p=41534"},"modified":"2023-12-05T17:49:15","modified_gmt":"2023-12-05T16:49:15","slug":"uic-henon-statt-gehenot","status":"publish","type":"post","link":"http:\/\/www.railfreight.eu\/dr-ne\/2023-12-05-uic-henon-statt-gehenot\/","title":{"rendered":"UIC: H\u00e9non statt G\u00e9h\u00e9not"},"content":{"rendered":"\n<p>Fr\u00e9d\u00e9ric H\u00e9non wurde zum Direktor der UIC-G\u00fcterabteilung ernannt und tritt die Nachfolge von Sandra G\u00e9h\u00e9not an, die jetzt UIC-Direktorin Europa ist. Ab dem 1. Dezember 2023 wird die Abteilung G\u00fcterverkehr zus\u00e4tzlich zu ihrem aktuellen Portfolio f\u00fcr die Steuerung und Koordinierung aller UIC-Aktivit\u00e4ten im Zusammenhang mit DAC einschlie\u00dflich des EU-Eisenbahnprogramms verantwortlich sein. <\/p>\n\n\n\n<p>H\u00e9non arbeitete unter anderem 1991 bis 2005 f\u00fcr Eurotunnel und war auch beim staatlichen Infrastrukturbetreiber Reseau Ferr\u00e9 de France (RFF) sowie bei der franz\u00f6sischen Nationalen Sicherheitsbeh\u00f6rde (EPSF) als Interoperabilit\u00e4ts- und Sicherheitsbeauftragter t\u00e4tig. H\u00e9non kam im Januar 2017 als Leiter der Eisenbahnsystemsicherheit zur SNCF und wechselte 2020 als Leiter Betrieb und Sicherheit zur UIC.<\/p>\n","protected":false},"excerpt":{"rendered":"<p>Fr\u00e9d\u00e9ric H\u00e9non wurde zum Direktor der UIC-G\u00fcterabteilung ernannt und tritt die Nachfolge von Sandra G\u00e9h\u00e9not an, die jetzt UIC-Direktorin Europa ist. Ab dem 1. Dezember 2023 wird die Abteilung G\u00fcterverkehr zus\u00e4tzlich zu ihrem aktuellen Portfolio f\u00fcr die Steuerung und Koordinierung aller UIC-Aktivit\u00e4ten im Zusammenhang mit DAC einschlie\u00dflich des EU-Eisenbahnprogramms verantwortlich sein. H\u00e9non arbeitete unter anderem &hellip; <\/p>\n<p class=\"link-more\"><a href=\"http:\/\/www.railfreight.eu\/dr-ne\/2023-12-05-uic-henon-statt-gehenot\/\" class=\"more-link\"><span class=\"screen-reader-text\">\u201eUIC: H\u00e9non statt G\u00e9h\u00e9not\u201c<\/span> weiterlesen<\/a><\/p>\n","protected":false},"author":1,"featured_media":0,"comment_status":"open","ping_status":"open","sticky":false,"template":"","format":"standard","meta":{"footnotes":""},"categories":[2],"tags":[94,1819],"class_list":["post-41534","post","type-post","status-publish","format-standard","hentry","category-personalien","tag-frankreich","tag-uic"],"_links":{"self":[{"href":"http:\/\/www.railfreight.eu\/dr-ne\/wp-json\/wp\/v2\/posts\/41534","targetHints":{"allow":["GET"]}}],"collection":[{"href":"http:\/\/www.railfreight.eu\/dr-ne\/wp-json\/wp\/v2\/posts"}],"about":[{"href":"http:\/\/www.railfreight.eu\/dr-ne\/wp-json\/wp\/v2\/types\/post"}],"author":[{"embeddable":true,"href":"http:\/\/www.railfreight.eu\/dr-ne\/wp-json\/wp\/v2\/users\/1"}],"replies":[{"embeddable":true,"href":"http:\/\/www.railfreight.eu\/dr-ne\/wp-json\/wp\/v2\/comments?post=41534"}],"version-history":[{"count":1,"href":"http:\/\/www.railfreight.eu\/dr-ne\/wp-json\/wp\/v2\/posts\/41534\/revisions"}],"predecessor-version":[{"id":41535,"href":"http:\/\/www.railfreight.eu\/dr-ne\/wp-json\/wp\/v2\/posts\/41534\/revisions\/41535"}],"wp:attachment":[{"href":"http:\/\/www.railfreight.eu\/dr-ne\/wp-json\/wp\/v2\/media?parent=41534"}],"wp:term":[{"taxonomy":"category","embeddable":true,"href":"http:\/\/www.railfreight.eu\/dr-ne\/wp-json\/wp\/v2\/categories?post=41534"},{"taxonomy":"post_tag","embeddable":true,"href":"http:\/\/www.railfreight.eu\/dr-ne\/wp-json\/wp\/v2\/tags?post=41534"}],"curies":[{"name":"wp","href":"https:\/\/api.w.org\/{rel}","templated":true}]}}