{"id":41552,"date":"2023-12-05T16:45:45","date_gmt":"2023-12-05T15:45:45","guid":{"rendered":"http:\/\/www.railfreight.eu\/dr-ne\/?p=41552"},"modified":"2023-12-05T18:49:21","modified_gmt":"2023-12-05T17:49:21","slug":"ebner-verlaesst-rail-cargo-group","status":"publish","type":"post","link":"http:\/\/www.railfreight.eu\/dr-ne\/2023-12-05-ebner-verlaesst-rail-cargo-group\/","title":{"rendered":"Ebner verl\u00e4sst Rail Cargo Group"},"content":{"rendered":"\n<p>Berhard Ebner, der seit September 2018 die  Business Unit Intermodal der Rail Cargo Group leitet, verl\u00e4sst das Unternehmen in K\u00fcrze. Ebner war zuvor 16 Jahre Gesch\u00e4ftsf\u00fchrer der  Berger Logistik GmbH sowie 19 Jahre  Head Of Logistics der Schenker &amp; Co AG.<\/p>\n","protected":false},"excerpt":{"rendered":"<p>Berhard Ebner, der seit September 2018 die Business Unit Intermodal der Rail Cargo Group leitet, verl\u00e4sst das Unternehmen in K\u00fcrze. Ebner war zuvor 16 Jahre Gesch\u00e4ftsf\u00fchrer der Berger Logistik GmbH sowie 19 Jahre Head Of Logistics der Schenker &amp; Co AG.<\/p>\n","protected":false},"author":1,"featured_media":0,"comment_status":"open","ping_status":"open","sticky":false,"template":"","format":"standard","meta":{"footnotes":""},"categories":[2],"tags":[79,88],"class_list":["post-41552","post","type-post","status-publish","format-standard","hentry","category-personalien","tag-oebb-rail-cargo-group","tag-oesterreich"],"_links":{"self":[{"href":"http:\/\/www.railfreight.eu\/dr-ne\/wp-json\/wp\/v2\/posts\/41552","targetHints":{"allow":["GET"]}}],"collection":[{"href":"http:\/\/www.railfreight.eu\/dr-ne\/wp-json\/wp\/v2\/posts"}],"about":[{"href":"http:\/\/www.railfreight.eu\/dr-ne\/wp-json\/wp\/v2\/types\/post"}],"author":[{"embeddable":true,"href":"http:\/\/www.railfreight.eu\/dr-ne\/wp-json\/wp\/v2\/users\/1"}],"replies":[{"embeddable":true,"href":"http:\/\/www.railfreight.eu\/dr-ne\/wp-json\/wp\/v2\/comments?post=41552"}],"version-history":[{"count":2,"href":"http:\/\/www.railfreight.eu\/dr-ne\/wp-json\/wp\/v2\/posts\/41552\/revisions"}],"predecessor-version":[{"id":41554,"href":"http:\/\/www.railfreight.eu\/dr-ne\/wp-json\/wp\/v2\/posts\/41552\/revisions\/41554"}],"wp:attachment":[{"href":"http:\/\/www.railfreight.eu\/dr-ne\/wp-json\/wp\/v2\/media?parent=41552"}],"wp:term":[{"taxonomy":"category","embeddable":true,"href":"http:\/\/www.railfreight.eu\/dr-ne\/wp-json\/wp\/v2\/categories?post=41552"},{"taxonomy":"post_tag","embeddable":true,"href":"http:\/\/www.railfreight.eu\/dr-ne\/wp-json\/wp\/v2\/tags?post=41552"}],"curies":[{"name":"wp","href":"https:\/\/api.w.org\/{rel}","templated":true}]}}