{"id":41767,"date":"2023-12-18T09:27:39","date_gmt":"2023-12-18T08:27:39","guid":{"rendered":"http:\/\/www.railfreight.eu\/dr-ne\/?p=41767"},"modified":"2023-12-18T09:27:40","modified_gmt":"2023-12-18T08:27:40","slug":"feierliche-kranerrichtung-am-terminal-graz-sued","status":"publish","type":"post","link":"http:\/\/www.railfreight.eu\/dr-ne\/2023-12-18-feierliche-kranerrichtung-am-terminal-graz-sued\/","title":{"rendered":"Feierliche Kranerrichtung am Terminal Graz S\u00fcd"},"content":{"rendered":"\n<p>Die G\u00fcterterminal Werndorf Projekt GmbH wird bis 2025 rund 100 Mio. EUR investieren, um die Kapazit\u00e4ten im 2003 errichteten Terminal Graz S\u00fcd weiter zu steigern. Am 13.12.2023 fand als Meilenstein die feierliche Kranerrichtung am Terminal Graz S\u00fcd statt. Die n\u00e4chste Etappe ist die Errichtung der Krananlagen vier und f\u00fcnf. Der Teilbetrieb mit dem ersten Portalkran ist f\u00fcr Mitte April 2024 geplant. <\/p>\n\n\n\n<figure class=\"wp-block-image size-large\"><img loading=\"lazy\" decoding=\"async\" width=\"1024\" height=\"768\" src=\"http:\/\/www.railfreight.eu\/dr-ne\/wp-content\/uploads\/2023\/12\/1702743208087-1024x768.jpg\" alt=\"\" class=\"wp-image-41768\" srcset=\"http:\/\/www.railfreight.eu\/dr-ne\/wp-content\/uploads\/2023\/12\/1702743208087-1024x768.jpg 1024w, http:\/\/www.railfreight.eu\/dr-ne\/wp-content\/uploads\/2023\/12\/1702743208087-300x225.jpg 300w, http:\/\/www.railfreight.eu\/dr-ne\/wp-content\/uploads\/2023\/12\/1702743208087-768x576.jpg 768w, http:\/\/www.railfreight.eu\/dr-ne\/wp-content\/uploads\/2023\/12\/1702743208087.jpg 1170w\" sizes=\"auto, (max-width: 767px) 89vw, (max-width: 1000px) 54vw, (max-width: 1071px) 543px, 580px\" \/><figcaption class=\"wp-element-caption\">Feierliche Kranerrichtung am Terminal Graz S\u00fcd. Foto: Steiermarkbahn<\/figcaption><\/figure>\n","protected":false},"excerpt":{"rendered":"<p>Die G\u00fcterterminal Werndorf Projekt GmbH wird bis 2025 rund 100 Mio. EUR investieren, um die Kapazit\u00e4ten im 2003 errichteten Terminal Graz S\u00fcd weiter zu steigern. Am 13.12.2023 fand als Meilenstein die feierliche Kranerrichtung am Terminal Graz S\u00fcd statt. Die n\u00e4chste Etappe ist die Errichtung der Krananlagen vier und f\u00fcnf. Der Teilbetrieb mit dem ersten Portalkran &hellip; <\/p>\n<p class=\"link-more\"><a href=\"http:\/\/www.railfreight.eu\/dr-ne\/2023-12-18-feierliche-kranerrichtung-am-terminal-graz-sued\/\" class=\"more-link\"><span class=\"screen-reader-text\">\u201eFeierliche Kranerrichtung am Terminal Graz S\u00fcd\u201c<\/span> weiterlesen<\/a><\/p>\n","protected":false},"author":1,"featured_media":0,"comment_status":"open","ping_status":"open","sticky":false,"template":"","format":"standard","meta":{"footnotes":""},"categories":[193],"tags":[47,88],"class_list":["post-41767","post","type-post","status-publish","format-standard","hentry","category-infrastruktur","tag-intermodal","tag-oesterreich"],"_links":{"self":[{"href":"http:\/\/www.railfreight.eu\/dr-ne\/wp-json\/wp\/v2\/posts\/41767","targetHints":{"allow":["GET"]}}],"collection":[{"href":"http:\/\/www.railfreight.eu\/dr-ne\/wp-json\/wp\/v2\/posts"}],"about":[{"href":"http:\/\/www.railfreight.eu\/dr-ne\/wp-json\/wp\/v2\/types\/post"}],"author":[{"embeddable":true,"href":"http:\/\/www.railfreight.eu\/dr-ne\/wp-json\/wp\/v2\/users\/1"}],"replies":[{"embeddable":true,"href":"http:\/\/www.railfreight.eu\/dr-ne\/wp-json\/wp\/v2\/comments?post=41767"}],"version-history":[{"count":2,"href":"http:\/\/www.railfreight.eu\/dr-ne\/wp-json\/wp\/v2\/posts\/41767\/revisions"}],"predecessor-version":[{"id":41773,"href":"http:\/\/www.railfreight.eu\/dr-ne\/wp-json\/wp\/v2\/posts\/41767\/revisions\/41773"}],"wp:attachment":[{"href":"http:\/\/www.railfreight.eu\/dr-ne\/wp-json\/wp\/v2\/media?parent=41767"}],"wp:term":[{"taxonomy":"category","embeddable":true,"href":"http:\/\/www.railfreight.eu\/dr-ne\/wp-json\/wp\/v2\/categories?post=41767"},{"taxonomy":"post_tag","embeddable":true,"href":"http:\/\/www.railfreight.eu\/dr-ne\/wp-json\/wp\/v2\/tags?post=41767"}],"curies":[{"name":"wp","href":"https:\/\/api.w.org\/{rel}","templated":true}]}}