{"id":41827,"date":"2023-12-18T13:10:34","date_gmt":"2023-12-18T12:10:34","guid":{"rendered":"http:\/\/www.railfreight.eu\/dr-ne\/?p=41827"},"modified":"2023-12-18T19:11:16","modified_gmt":"2023-12-18T18:11:16","slug":"go-ahead-gruendet-personaldienstleister","status":"publish","type":"post","link":"http:\/\/www.railfreight.eu\/dr-ne\/2023-12-18-go-ahead-gruendet-personaldienstleister\/","title":{"rendered":"Go-Ahead gr\u00fcndet Personaldienstleister"},"content":{"rendered":"\n<p>Die j\u00fcngst an die \u00d6BB ver\u00e4u\u00dferte Go-Ahead Verkehrsgesellschaft Deutschland hat einen eigenen Personaldienstleister aktiviert. Die Go-Drive Verleihgesellschaft mbH wurde bereits am 04.08.2022 gegr\u00fcndet und hat in diesem Jahr die T\u00e4tigkeit als Personal\u00fcberlasser aufgenommen: <a href=\"https:\/\/www.go-drive-bahn.de\/\" target=\"_blank\" rel=\"noreferrer noopener\">www.go-drive-bahn.de<\/a><\/p>\n\n\n\n<p>Aktuell verf\u00fcgt das Unternehmen \u00fcber f\u00fcnf Triebfahrzeugf\u00fchrer, die im Konzern zum Einsatz kommen. Geplant ist aber eine \u00dcberlassung an Dritte f\u00fcr Personen- und G\u00fcteverkehre. Go-Ahead sieht den Vorteil in einem integrierten Konzept, das Ausbildung, Bahnbetrieb und Personal\u00fcberlassung in einem Netzwerk bietet.<\/p>\n\n\n\n<figure class=\"wp-block-image size-large\"><img loading=\"lazy\" decoding=\"async\" width=\"1024\" height=\"479\" src=\"http:\/\/www.railfreight.eu\/dr-ne\/wp-content\/uploads\/2023\/12\/go-drive-1024x479.jpg\" alt=\"\" class=\"wp-image-41834\" srcset=\"http:\/\/www.railfreight.eu\/dr-ne\/wp-content\/uploads\/2023\/12\/go-drive-1024x479.jpg 1024w, http:\/\/www.railfreight.eu\/dr-ne\/wp-content\/uploads\/2023\/12\/go-drive-300x140.jpg 300w, http:\/\/www.railfreight.eu\/dr-ne\/wp-content\/uploads\/2023\/12\/go-drive-768x360.jpg 768w, http:\/\/www.railfreight.eu\/dr-ne\/wp-content\/uploads\/2023\/12\/go-drive-1536x719.jpg 1536w, http:\/\/www.railfreight.eu\/dr-ne\/wp-content\/uploads\/2023\/12\/go-drive-1320x618.jpg 1320w, http:\/\/www.railfreight.eu\/dr-ne\/wp-content\/uploads\/2023\/12\/go-drive.jpg 1920w\" sizes=\"auto, (max-width: 767px) 89vw, (max-width: 1000px) 54vw, (max-width: 1071px) 543px, 580px\" \/><figcaption class=\"wp-element-caption\">Screenshot go-drive-bahn.de vom 18.12.2023<\/figcaption><\/figure>\n","protected":false},"excerpt":{"rendered":"<p>Die j\u00fcngst an die \u00d6BB ver\u00e4u\u00dferte Go-Ahead Verkehrsgesellschaft Deutschland hat einen eigenen Personaldienstleister aktiviert. Die Go-Drive Verleihgesellschaft mbH wurde bereits am 04.08.2022 gegr\u00fcndet und hat in diesem Jahr die T\u00e4tigkeit als Personal\u00fcberlasser aufgenommen: www.go-drive-bahn.de Aktuell verf\u00fcgt das Unternehmen \u00fcber f\u00fcnf Triebfahrzeugf\u00fchrer, die im Konzern zum Einsatz kommen. Geplant ist aber eine \u00dcberlassung an Dritte f\u00fcr &hellip; <\/p>\n<p class=\"link-more\"><a href=\"http:\/\/www.railfreight.eu\/dr-ne\/2023-12-18-go-ahead-gruendet-personaldienstleister\/\" class=\"more-link\"><span class=\"screen-reader-text\">\u201eGo-Ahead gr\u00fcndet Personaldienstleister\u201c<\/span> weiterlesen<\/a><\/p>\n","protected":false},"author":1,"featured_media":0,"comment_status":"open","ping_status":"open","sticky":false,"template":"","format":"standard","meta":{"footnotes":""},"categories":[1038],"tags":[2525,2715,15],"class_list":["post-41827","post","type-post","status-publish","format-standard","hentry","category-personal","tag-deutschland","tag-go-ahead","tag-personaldienstleister"],"_links":{"self":[{"href":"http:\/\/www.railfreight.eu\/dr-ne\/wp-json\/wp\/v2\/posts\/41827","targetHints":{"allow":["GET"]}}],"collection":[{"href":"http:\/\/www.railfreight.eu\/dr-ne\/wp-json\/wp\/v2\/posts"}],"about":[{"href":"http:\/\/www.railfreight.eu\/dr-ne\/wp-json\/wp\/v2\/types\/post"}],"author":[{"embeddable":true,"href":"http:\/\/www.railfreight.eu\/dr-ne\/wp-json\/wp\/v2\/users\/1"}],"replies":[{"embeddable":true,"href":"http:\/\/www.railfreight.eu\/dr-ne\/wp-json\/wp\/v2\/comments?post=41827"}],"version-history":[{"count":1,"href":"http:\/\/www.railfreight.eu\/dr-ne\/wp-json\/wp\/v2\/posts\/41827\/revisions"}],"predecessor-version":[{"id":41835,"href":"http:\/\/www.railfreight.eu\/dr-ne\/wp-json\/wp\/v2\/posts\/41827\/revisions\/41835"}],"wp:attachment":[{"href":"http:\/\/www.railfreight.eu\/dr-ne\/wp-json\/wp\/v2\/media?parent=41827"}],"wp:term":[{"taxonomy":"category","embeddable":true,"href":"http:\/\/www.railfreight.eu\/dr-ne\/wp-json\/wp\/v2\/categories?post=41827"},{"taxonomy":"post_tag","embeddable":true,"href":"http:\/\/www.railfreight.eu\/dr-ne\/wp-json\/wp\/v2\/tags?post=41827"}],"curies":[{"name":"wp","href":"https:\/\/api.w.org\/{rel}","templated":true}]}}