{"id":42420,"date":"2024-01-08T06:26:58","date_gmt":"2024-01-08T05:26:58","guid":{"rendered":"http:\/\/www.railfreight.eu\/dr-ne\/?p=42420"},"modified":"2024-01-08T10:29:09","modified_gmt":"2024-01-08T09:29:09","slug":"gdl-plant-streik-ab-mittwoch","status":"publish","type":"post","link":"http:\/\/www.railfreight.eu\/dr-ne\/2024-01-08-gdl-plant-streik-ab-mittwoch\/","title":{"rendered":"GDL plant Streik ab Mittwoch"},"content":{"rendered":"\n<p>Die Lokf\u00fchrergewerkschaft GDL will von Mittwoch fr\u00fch, 2 Uhr, bis Freitagabend, 18 Uhr, die Bahn komplett bestreiken.<\/p>\n\n\n\n<p>Im G\u00fcterverkehr soll der Ausstand bereits am Dienstagabend um 18 Uhr beginnen, teilte die Gewerkschaft am Sonntagabend mit. Grund sei eine \u201eVerweigerungshaltung des Staatskonzerns\u201c, Gespr\u00e4che \u00fcber legitime Kernforderungen mit der GDL zu f\u00fchren, hie\u00df es zur Begr\u00fcndung.<\/p>\n\n\n\n<p>Der DB-Konzern habe den Weihnachtsfrieden nicht genutzt, um mit einem verhandlungsf\u00e4higen Angebot Arbeitskampfma\u00dfnahmen entgegenzuwirken. Konsequent habe die Bahn \u201e\u00fcber die Medien und offensichtlich bewusst irref\u00fchrend verk\u00fcndet\u201c, dass es ein neues Angebot an die GDL gebe. \u201eDieses substanzlose und vergiftete \u201aAngebot\u2018 t\u00e4uscht bewusst Medien und \u00d6ffentlichkeit\u201c, so die Gewerkschaft. \u00dcberdies werfe die Bahn mit einer gegen die GDL eingereichten Feststellungsklage vor den Landgericht Hessen \u201eeine weitere Nebelkerze\u201c, so die Gewerkschaft.<\/p>\n\n\n\n<p>\u201eDieser Streik ist nicht nur absolut \u00fcberfl\u00fcssig, sondern wir halten ihn auch rechtlich f\u00fcr nicht zul\u00e4ssig\u201c, sagt DB-Personalvorstand Martin Seiler. \u201eDenn die Lokf\u00fchrergewerkschaft hat ihre Tariff\u00e4higkeit durch die Gr\u00fcndung ihrer Leiharbeiter-Genossenschaft verloren. Die GDL zieht unsere Fahrg\u00e4ste damit ohne Legitimation und ohne Grund in Mitleidenschaft. Erst vor zwei Tagen haben wir ein erweitertes Angebot vorgelegt, in dem wir der Lokf\u00fchrergewerkschaft bei ihrer Kernforderung zur Arbeitszeit einen gro\u00dfen Schritt entgegengekommen sind. Die DB ist bereit zu Kompromissen. Es ist jetzt an der Zeit, wieder zu verhandeln. Die GDL-Spitze hat \u00fcberzogen, sie muss sich endlich besinnen.\u201c<\/p>\n\n\n\n<p>\u201eDie f\u00e4lschliche Unterstellung, wonach die GDL bei der Fair Train e.G. Arbeitgeber und Gewerkschaft gleicherma\u00dfen sei, zeigt erneut die Verzweiflung eines sozialfremden Arbeitgebers, der kein noch so abwegiges Mittel scheut, um die starke GDL zu eliminieren\u201c, hie\u00df es in der Mitteilung vom Sonntagabend. <\/p>\n\n\n\n<p>Die DB forderte die GDL auf, den Streik abzusagen und stattdessen den von der DB vorgeschlagenen Verhandlungstermin am 10. Januar wahrzunehmen.<\/p>\n","protected":false},"excerpt":{"rendered":"<p>Die Lokf\u00fchrergewerkschaft GDL will von Mittwoch fr\u00fch, 2 Uhr, bis Freitagabend, 18 Uhr, die Bahn komplett bestreiken. Im G\u00fcterverkehr soll der Ausstand bereits am Dienstagabend um 18 Uhr beginnen, teilte die Gewerkschaft am Sonntagabend mit. Grund sei eine \u201eVerweigerungshaltung des Staatskonzerns\u201c, Gespr\u00e4che \u00fcber legitime Kernforderungen mit der GDL zu f\u00fchren, hie\u00df es zur Begr\u00fcndung. Der &hellip; <\/p>\n<p class=\"link-more\"><a href=\"http:\/\/www.railfreight.eu\/dr-ne\/2024-01-08-gdl-plant-streik-ab-mittwoch\/\" class=\"more-link\"><span class=\"screen-reader-text\">\u201eGDL plant Streik ab Mittwoch\u201c<\/span> weiterlesen<\/a><\/p>\n","protected":false},"author":1,"featured_media":0,"comment_status":"open","ping_status":"open","sticky":false,"template":"","format":"standard","meta":{"footnotes":""},"categories":[1038],"tags":[],"class_list":["post-42420","post","type-post","status-publish","format-standard","hentry","category-personal"],"_links":{"self":[{"href":"http:\/\/www.railfreight.eu\/dr-ne\/wp-json\/wp\/v2\/posts\/42420","targetHints":{"allow":["GET"]}}],"collection":[{"href":"http:\/\/www.railfreight.eu\/dr-ne\/wp-json\/wp\/v2\/posts"}],"about":[{"href":"http:\/\/www.railfreight.eu\/dr-ne\/wp-json\/wp\/v2\/types\/post"}],"author":[{"embeddable":true,"href":"http:\/\/www.railfreight.eu\/dr-ne\/wp-json\/wp\/v2\/users\/1"}],"replies":[{"embeddable":true,"href":"http:\/\/www.railfreight.eu\/dr-ne\/wp-json\/wp\/v2\/comments?post=42420"}],"version-history":[{"count":2,"href":"http:\/\/www.railfreight.eu\/dr-ne\/wp-json\/wp\/v2\/posts\/42420\/revisions"}],"predecessor-version":[{"id":42446,"href":"http:\/\/www.railfreight.eu\/dr-ne\/wp-json\/wp\/v2\/posts\/42420\/revisions\/42446"}],"wp:attachment":[{"href":"http:\/\/www.railfreight.eu\/dr-ne\/wp-json\/wp\/v2\/media?parent=42420"}],"wp:term":[{"taxonomy":"category","embeddable":true,"href":"http:\/\/www.railfreight.eu\/dr-ne\/wp-json\/wp\/v2\/categories?post=42420"},{"taxonomy":"post_tag","embeddable":true,"href":"http:\/\/www.railfreight.eu\/dr-ne\/wp-json\/wp\/v2\/tags?post=42420"}],"curies":[{"name":"wp","href":"https:\/\/api.w.org\/{rel}","templated":true}]}}