{"id":42504,"date":"2024-01-09T11:35:37","date_gmt":"2024-01-09T10:35:37","guid":{"rendered":"http:\/\/www.railfreight.eu\/dr-ne\/?p=42504"},"modified":"2024-01-09T11:35:46","modified_gmt":"2024-01-09T10:35:46","slug":"rheincargo-neue-organisationsstruktur","status":"publish","type":"post","link":"http:\/\/www.railfreight.eu\/dr-ne\/2024-01-09-rheincargo-neue-organisationsstruktur\/","title":{"rendered":"RheinCargo: Neue Organisationsstruktur"},"content":{"rendered":"\n<p>RheinCargo hat seine beiden Gesch\u00e4ftsbereiche Hafen und Eisenbahn neu aufgestellt.  Im Bereich Schieneng\u00fcterverkehr werden Vertrieb und Betrieb f\u00fcr den Regionalverkehr, den Werksverkehr und den Fernverkehr jeweils in eigenen Profitcentern zusammengef\u00fchrt.<\/p>\n\n\n\n<p>Die Leitung des Regionalverkehrs \u00fcbernimmt Caroline Calmund, bislang Teamleiterin Vertrieb, die Leitung des Werksverkehrs Timo Reuter, bislang kommissarischer kaufm\u00e4nnischer Leiter Werks- und Industriebahnen. Die Leitung des Fernverkehrs verantwortet ab Fr\u00fchjahr 2024 <a href=\"http:\/\/www.railfreight.eu\/dr-ne\/2023\/12\/12\/sbb-cargo-deutschland-neuer-leiterproduktion\/\" data-type=\"post\" data-id=\"41667\">Steffen Volkmer, der zuletzt bei SBB Cargo Deutschland die Leitung Produktion Deutschland<\/a> innehatte. Paul Schumacher, der bislang den Eisenbahnbetrieb verantwortete, wechselt als neuer Leiter zum Bereich Sicherheit\/Prozesse\/Qualit\u00e4t.<\/p>\n","protected":false},"excerpt":{"rendered":"<p>RheinCargo hat seine beiden Gesch\u00e4ftsbereiche Hafen und Eisenbahn neu aufgestellt. Im Bereich Schieneng\u00fcterverkehr werden Vertrieb und Betrieb f\u00fcr den Regionalverkehr, den Werksverkehr und den Fernverkehr jeweils in eigenen Profitcentern zusammengef\u00fchrt. Die Leitung des Regionalverkehrs \u00fcbernimmt Caroline Calmund, bislang Teamleiterin Vertrieb, die Leitung des Werksverkehrs Timo Reuter, bislang kommissarischer kaufm\u00e4nnischer Leiter Werks- und Industriebahnen. Die Leitung &hellip; <\/p>\n<p class=\"link-more\"><a href=\"http:\/\/www.railfreight.eu\/dr-ne\/2024-01-09-rheincargo-neue-organisationsstruktur\/\" class=\"more-link\"><span class=\"screen-reader-text\">\u201eRheinCargo: Neue Organisationsstruktur\u201c<\/span> weiterlesen<\/a><\/p>\n","protected":false},"author":1,"featured_media":0,"comment_status":"open","ping_status":"open","sticky":false,"template":"","format":"standard","meta":{"footnotes":""},"categories":[2,13],"tags":[2525,12],"class_list":["post-42504","post","type-post","status-publish","format-standard","hentry","category-personalien","category-unternehmen","tag-deutschland","tag-rheincargo"],"_links":{"self":[{"href":"http:\/\/www.railfreight.eu\/dr-ne\/wp-json\/wp\/v2\/posts\/42504","targetHints":{"allow":["GET"]}}],"collection":[{"href":"http:\/\/www.railfreight.eu\/dr-ne\/wp-json\/wp\/v2\/posts"}],"about":[{"href":"http:\/\/www.railfreight.eu\/dr-ne\/wp-json\/wp\/v2\/types\/post"}],"author":[{"embeddable":true,"href":"http:\/\/www.railfreight.eu\/dr-ne\/wp-json\/wp\/v2\/users\/1"}],"replies":[{"embeddable":true,"href":"http:\/\/www.railfreight.eu\/dr-ne\/wp-json\/wp\/v2\/comments?post=42504"}],"version-history":[{"count":1,"href":"http:\/\/www.railfreight.eu\/dr-ne\/wp-json\/wp\/v2\/posts\/42504\/revisions"}],"predecessor-version":[{"id":42505,"href":"http:\/\/www.railfreight.eu\/dr-ne\/wp-json\/wp\/v2\/posts\/42504\/revisions\/42505"}],"wp:attachment":[{"href":"http:\/\/www.railfreight.eu\/dr-ne\/wp-json\/wp\/v2\/media?parent=42504"}],"wp:term":[{"taxonomy":"category","embeddable":true,"href":"http:\/\/www.railfreight.eu\/dr-ne\/wp-json\/wp\/v2\/categories?post=42504"},{"taxonomy":"post_tag","embeddable":true,"href":"http:\/\/www.railfreight.eu\/dr-ne\/wp-json\/wp\/v2\/tags?post=42504"}],"curies":[{"name":"wp","href":"https:\/\/api.w.org\/{rel}","templated":true}]}}