{"id":43813,"date":"2024-02-20T11:06:00","date_gmt":"2024-02-20T10:06:00","guid":{"rendered":"http:\/\/www.railfreight.eu\/dr-ne\/?p=43813"},"modified":"2024-02-20T12:07:24","modified_gmt":"2024-02-20T11:07:24","slug":"vorstand-der-pkp-plk-wird-ausgetauscht","status":"publish","type":"post","link":"http:\/\/www.railfreight.eu\/dr-ne\/2024-02-20-vorstand-der-pkp-plk-wird-ausgetauscht\/","title":{"rendered":"[PL] Vorstand der PKP PLK wird ausgetauscht"},"content":{"rendered":"\n<p>In Polen haben die personellen Ver\u00e4nderungen unter der Regierung von Donald Tusk auch die PKP Polskie Linii Kolejowe S.A.  (PKP PLK) erreicht. <\/p>\n\n\n\n<p>In der Sitzung vom 15.02.2024 dieses Jahres hat der Aufsichtsrat den Vorstandsvorsitzenden Ireneusz Merchel und alle Vorstandsmitglieder der PKP Polskie Linii Kolejowe S.A. abberufen: <\/p>\n\n\n\n<ul class=\"wp-block-list\">\n<li>Miros\u0142aw Skubiszy\u0144ski &#8211; stellvertretender Vorstandsvorsitzender &#8211; Betriebsdirektor<\/li>\n\n\n\n<li>Arnold Bresch &#8211; Vorstandsmitglied &#8211; Direktor f\u00fcr die Umsetzung von Investitionen<\/li>\n\n\n\n<li>Rados\u0142aw Celi\u0144ski &#8211; Vorstandsmitglied &#8211; Direktor f\u00fcr Finanzen und Wirtschaft<\/li>\n\n\n\n<li>Grzegorz Kurdziela &#8211; Vorstandsmitglied &#8211; Direktor f\u00fcr operative Unterst\u00fctzung<\/li>\n\n\n\n<li>Piotr Majerczak &#8211; Vorstandsmitglied &#8211; Direktor f\u00fcr die Instandhaltung der Infrastruktur<\/li>\n<\/ul>\n\n\n\n<p>Gleichzeitig wurden die folgenden Personen vom Aufsichtsrat der Gesellschaft in den Vorstand delegiert:<\/p>\n\n\n\n<ul class=\"wp-block-list\">\n<li>Piotr Wyborski &#8211; zur Aus\u00fcbung mit Wirkung vom 19. Februar dieses Jahres die Funktion des Vorstandsvorsitzenden der PKP Polskie Linii Kolejowe S.A.<\/li>\n\n\n\n<li>Maciej Kaczorek &#8211; zur Aus\u00fcbung der Funktion eines Vorstandsmitglieds<\/li>\n\n\n\n<li>Piotr Kubicki &#8211; zur Aus\u00fcbung der Funktion eines Vorstandsmitglieds<\/li>\n<\/ul>\n\n\n\n<p>Die Suche nach einem neuen Vorstandsvorsitzenden wurde eingeleitet.<\/p>\n","protected":false},"excerpt":{"rendered":"<p>In Polen haben die personellen Ver\u00e4nderungen unter der Regierung von Donald Tusk auch die PKP Polskie Linii Kolejowe S.A. (PKP PLK) erreicht. In der Sitzung vom 15.02.2024 dieses Jahres hat der Aufsichtsrat den Vorstandsvorsitzenden Ireneusz Merchel und alle Vorstandsmitglieder der PKP Polskie Linii Kolejowe S.A. abberufen: Gleichzeitig wurden die folgenden Personen vom Aufsichtsrat der Gesellschaft &hellip; <\/p>\n<p class=\"link-more\"><a href=\"http:\/\/www.railfreight.eu\/dr-ne\/2024-02-20-vorstand-der-pkp-plk-wird-ausgetauscht\/\" class=\"more-link\"><span class=\"screen-reader-text\">\u201e[PL] Vorstand der PKP PLK wird ausgetauscht\u201c<\/span> weiterlesen<\/a><\/p>\n","protected":false},"author":1,"featured_media":0,"comment_status":"open","ping_status":"open","sticky":false,"template":"","format":"standard","meta":{"footnotes":""},"categories":[2],"tags":[1537,104],"class_list":["post-43813","post","type-post","status-publish","format-standard","hentry","category-personalien","tag-pkp-plk","tag-polen"],"_links":{"self":[{"href":"http:\/\/www.railfreight.eu\/dr-ne\/wp-json\/wp\/v2\/posts\/43813","targetHints":{"allow":["GET"]}}],"collection":[{"href":"http:\/\/www.railfreight.eu\/dr-ne\/wp-json\/wp\/v2\/posts"}],"about":[{"href":"http:\/\/www.railfreight.eu\/dr-ne\/wp-json\/wp\/v2\/types\/post"}],"author":[{"embeddable":true,"href":"http:\/\/www.railfreight.eu\/dr-ne\/wp-json\/wp\/v2\/users\/1"}],"replies":[{"embeddable":true,"href":"http:\/\/www.railfreight.eu\/dr-ne\/wp-json\/wp\/v2\/comments?post=43813"}],"version-history":[{"count":2,"href":"http:\/\/www.railfreight.eu\/dr-ne\/wp-json\/wp\/v2\/posts\/43813\/revisions"}],"predecessor-version":[{"id":43815,"href":"http:\/\/www.railfreight.eu\/dr-ne\/wp-json\/wp\/v2\/posts\/43813\/revisions\/43815"}],"wp:attachment":[{"href":"http:\/\/www.railfreight.eu\/dr-ne\/wp-json\/wp\/v2\/media?parent=43813"}],"wp:term":[{"taxonomy":"category","embeddable":true,"href":"http:\/\/www.railfreight.eu\/dr-ne\/wp-json\/wp\/v2\/categories?post=43813"},{"taxonomy":"post_tag","embeddable":true,"href":"http:\/\/www.railfreight.eu\/dr-ne\/wp-json\/wp\/v2\/tags?post=43813"}],"curies":[{"name":"wp","href":"https:\/\/api.w.org\/{rel}","templated":true}]}}