{"id":44317,"date":"2024-03-11T07:26:00","date_gmt":"2024-03-11T06:26:00","guid":{"rendered":"http:\/\/www.railfreight.eu\/dr-ne\/?p=44317"},"modified":"2024-03-11T12:31:03","modified_gmt":"2024-03-11T11:31:03","slug":"de-gdl-streikt-erneut","status":"publish","type":"post","link":"http:\/\/www.railfreight.eu\/dr-ne\/2024-03-11-de-gdl-streikt-erneut\/","title":{"rendered":"[DE] GDL streikt erneut"},"content":{"rendered":"\n<p>Nur zwei Tage nach dem letzten Streik hat die Gewerkschaft Deutscher Lokomotivf\u00fchrer (GDL) bereits den n\u00e4chsten Streik angek\u00fcndigt. Es ist der sechste GDL-Streik im laufenden Tarifkonflikt und der erste der sogenannten Wellenstreiks. Im G\u00fcterverkehr ist eine 24-st\u00fcndige Arbeitsniederlegung angek\u00fcndigt, beginnend am 11.03.2024 ab 18:00 Uhr.<\/p>\n","protected":false},"excerpt":{"rendered":"<p>Nur zwei Tage nach dem letzten Streik hat die Gewerkschaft Deutscher Lokomotivf\u00fchrer (GDL) bereits den n\u00e4chsten Streik angek\u00fcndigt. Es ist der sechste GDL-Streik im laufenden Tarifkonflikt und der erste der sogenannten Wellenstreiks. Im G\u00fcterverkehr ist eine 24-st\u00fcndige Arbeitsniederlegung angek\u00fcndigt, beginnend am 11.03.2024 ab 18:00 Uhr.<\/p>\n","protected":false},"author":1,"featured_media":0,"comment_status":"open","ping_status":"open","sticky":false,"template":"","format":"standard","meta":{"footnotes":""},"categories":[1038],"tags":[801,2525,1686,955,1874],"class_list":["post-44317","post","type-post","status-publish","format-standard","hentry","category-personal","tag-db-ag","tag-deutschland","tag-gdl","tag-streik","tag-tarifvertrag"],"_links":{"self":[{"href":"http:\/\/www.railfreight.eu\/dr-ne\/wp-json\/wp\/v2\/posts\/44317","targetHints":{"allow":["GET"]}}],"collection":[{"href":"http:\/\/www.railfreight.eu\/dr-ne\/wp-json\/wp\/v2\/posts"}],"about":[{"href":"http:\/\/www.railfreight.eu\/dr-ne\/wp-json\/wp\/v2\/types\/post"}],"author":[{"embeddable":true,"href":"http:\/\/www.railfreight.eu\/dr-ne\/wp-json\/wp\/v2\/users\/1"}],"replies":[{"embeddable":true,"href":"http:\/\/www.railfreight.eu\/dr-ne\/wp-json\/wp\/v2\/comments?post=44317"}],"version-history":[{"count":3,"href":"http:\/\/www.railfreight.eu\/dr-ne\/wp-json\/wp\/v2\/posts\/44317\/revisions"}],"predecessor-version":[{"id":44335,"href":"http:\/\/www.railfreight.eu\/dr-ne\/wp-json\/wp\/v2\/posts\/44317\/revisions\/44335"}],"wp:attachment":[{"href":"http:\/\/www.railfreight.eu\/dr-ne\/wp-json\/wp\/v2\/media?parent=44317"}],"wp:term":[{"taxonomy":"category","embeddable":true,"href":"http:\/\/www.railfreight.eu\/dr-ne\/wp-json\/wp\/v2\/categories?post=44317"},{"taxonomy":"post_tag","embeddable":true,"href":"http:\/\/www.railfreight.eu\/dr-ne\/wp-json\/wp\/v2\/tags?post=44317"}],"curies":[{"name":"wp","href":"https:\/\/api.w.org\/{rel}","templated":true}]}}