{"id":44321,"date":"2024-03-11T12:13:37","date_gmt":"2024-03-11T11:13:37","guid":{"rendered":"http:\/\/www.railfreight.eu\/dr-ne\/?p=44321"},"modified":"2024-03-11T12:30:59","modified_gmt":"2024-03-11T11:30:59","slug":"de-db-klagt-gegen-wellenstreik","status":"publish","type":"post","link":"http:\/\/www.railfreight.eu\/dr-ne\/2024-03-11-de-db-klagt-gegen-wellenstreik\/","title":{"rendered":"[DE] DB klagt gegen Wellenstreik"},"content":{"rendered":"\n<p>Die Deutsche Bahn (DB) kritisiert das Vorgehen der Gewerkschaft Deutscher Lokomotivf\u00fchrer (GDL) aufs Sch\u00e4rfste und hat nun Rechtsmittel eingelegt, <a href=\"http:\/\/www.railfreight.eu\/dr-ne\/2024\/03\/11\/de-gdl-streikt-erneut\/\" data-type=\"post\" data-id=\"44317\">um den Streik noch zu stoppen<\/a>. Einen entsprechenden Eilantrag auf einstweilige Verf\u00fcgung hat die DB am Vormittag des 11.03.2024 beim Arbeitsgericht Frankfurt am Main eingereicht. <\/p>\n\n\n\n<p>Insbesondere der viel zu kurze Vorlauf von nur 22 Stunden im G\u00fcterverkehr ist \u201eeine blanke Zumutung\u201c, so DB\u2011Personalvorstand Martin Seiler.  Die DB f\u00fchrt vor Gericht ebenfalls an, dass die GDL die DB rechtswidrig auffordert, das Tarifeinheitsgesetz (TEG) nicht anzuwenden. Die Forderung nach Nichtanwendung eines geltenden Bundesgesetzes sei kein legitimes Streikziel. Genauso wenig wie die Forderung nach einem Deutschlandticket, die die Friedenspflicht verletzt: Denn zwischen den Parteien besteht ein ungek\u00fcndigter Tarifvertrag, der die verg\u00fcnstigte Personenbef\u00f6rderung von Arbeitnehmern regelt. Die DB fordert die GDL auf, den Streik sofort abzusagen und an den Verhandlungstisch zur\u00fcckzukehren. Auch eine formale Schlichtung hat die DB bereits gestern als Alternative angeboten.<\/p>\n","protected":false},"excerpt":{"rendered":"<p>Die Deutsche Bahn (DB) kritisiert das Vorgehen der Gewerkschaft Deutscher Lokomotivf\u00fchrer (GDL) aufs Sch\u00e4rfste und hat nun Rechtsmittel eingelegt, um den Streik noch zu stoppen. Einen entsprechenden Eilantrag auf einstweilige Verf\u00fcgung hat die DB am Vormittag des 11.03.2024 beim Arbeitsgericht Frankfurt am Main eingereicht. Insbesondere der viel zu kurze Vorlauf von nur 22 Stunden im &hellip; <\/p>\n<p class=\"link-more\"><a href=\"http:\/\/www.railfreight.eu\/dr-ne\/2024-03-11-de-db-klagt-gegen-wellenstreik\/\" class=\"more-link\"><span class=\"screen-reader-text\">\u201e[DE] DB klagt gegen Wellenstreik\u201c<\/span> weiterlesen<\/a><\/p>\n","protected":false},"author":1,"featured_media":0,"comment_status":"open","ping_status":"open","sticky":false,"template":"","format":"standard","meta":{"footnotes":""},"categories":[1038],"tags":[801,2525,1686,955,1874],"class_list":["post-44321","post","type-post","status-publish","format-standard","hentry","category-personal","tag-db-ag","tag-deutschland","tag-gdl","tag-streik","tag-tarifvertrag"],"_links":{"self":[{"href":"http:\/\/www.railfreight.eu\/dr-ne\/wp-json\/wp\/v2\/posts\/44321","targetHints":{"allow":["GET"]}}],"collection":[{"href":"http:\/\/www.railfreight.eu\/dr-ne\/wp-json\/wp\/v2\/posts"}],"about":[{"href":"http:\/\/www.railfreight.eu\/dr-ne\/wp-json\/wp\/v2\/types\/post"}],"author":[{"embeddable":true,"href":"http:\/\/www.railfreight.eu\/dr-ne\/wp-json\/wp\/v2\/users\/1"}],"replies":[{"embeddable":true,"href":"http:\/\/www.railfreight.eu\/dr-ne\/wp-json\/wp\/v2\/comments?post=44321"}],"version-history":[{"count":2,"href":"http:\/\/www.railfreight.eu\/dr-ne\/wp-json\/wp\/v2\/posts\/44321\/revisions"}],"predecessor-version":[{"id":44337,"href":"http:\/\/www.railfreight.eu\/dr-ne\/wp-json\/wp\/v2\/posts\/44321\/revisions\/44337"}],"wp:attachment":[{"href":"http:\/\/www.railfreight.eu\/dr-ne\/wp-json\/wp\/v2\/media?parent=44321"}],"wp:term":[{"taxonomy":"category","embeddable":true,"href":"http:\/\/www.railfreight.eu\/dr-ne\/wp-json\/wp\/v2\/categories?post=44321"},{"taxonomy":"post_tag","embeddable":true,"href":"http:\/\/www.railfreight.eu\/dr-ne\/wp-json\/wp\/v2\/tags?post=44321"}],"curies":[{"name":"wp","href":"https:\/\/api.w.org\/{rel}","templated":true}]}}