{"id":44322,"date":"2024-03-11T10:12:00","date_gmt":"2024-03-11T09:12:00","guid":{"rendered":"http:\/\/www.railfreight.eu\/dr-ne\/?p=44322"},"modified":"2024-03-11T12:25:32","modified_gmt":"2024-03-11T11:25:32","slug":"de-vdv-kempf-folgt-auf-henke","status":"publish","type":"post","link":"http:\/\/www.railfreight.eu\/dr-ne\/2024-03-11-de-vdv-kempf-folgt-auf-henke\/","title":{"rendered":"[DE] VDV: Kempf folgt auf Henke"},"content":{"rendered":"<div class=\"wp-block-image\">\n<figure class=\"alignleft size-full is-resized\"><img loading=\"lazy\" decoding=\"async\" width=\"1024\" height=\"682\" src=\"http:\/\/www.railfreight.eu\/dr-ne\/wp-content\/uploads\/2024\/03\/portraitbild-neue-vdv-geschaeftsfuehrerin-ulla-kempf.jpg\" alt=\"\" class=\"wp-image-44330\" style=\"width:187px;height:auto\" srcset=\"http:\/\/www.railfreight.eu\/dr-ne\/wp-content\/uploads\/2024\/03\/portraitbild-neue-vdv-geschaeftsfuehrerin-ulla-kempf.jpg 1024w, http:\/\/www.railfreight.eu\/dr-ne\/wp-content\/uploads\/2024\/03\/portraitbild-neue-vdv-geschaeftsfuehrerin-ulla-kempf-300x200.jpg 300w, http:\/\/www.railfreight.eu\/dr-ne\/wp-content\/uploads\/2024\/03\/portraitbild-neue-vdv-geschaeftsfuehrerin-ulla-kempf-768x512.jpg 768w\" sizes=\"auto, (max-width: 767px) 89vw, (max-width: 1000px) 54vw, (max-width: 1071px) 543px, 580px\" \/><figcaption class=\"wp-element-caption\">Foto: VDV<\/figcaption><\/figure><\/div>\n\n\n<p>Im Rahmen der heutigen Sondersitzung des Pr\u00e4sidiums wurde Ulla Kempf (40) einstimmig zur neuen Gesch\u00e4ftsf\u00fchrerin Eisenbahnverkehr des Verbands Deutscher Verkehrsunternehmen (VDV) bestellt. Sie wird den Posten voraussichtlich zum 01.05.2024 \u00fcbernehmen. Der aktuelle Gesch\u00e4ftsf\u00fchrer Dr. Martin Henke, der den Bereich seit dem Jahr 2000 leitet, wird den VDV in den kommenden Monaten altersbedingt verlassen und in Ruhestand gehen. Bis dahin werden Ulla Kempf und Martin Henke gemeinsam in der VDV-Gesch\u00e4ftsf\u00fchrung f\u00fcr den Eisenbahnverkehr verantwortlich sein. Damit ist ein geordneter \u00dcbergang zwischen dem jetzigen Gesch\u00e4ftsf\u00fchrer und seiner Nachfolgerin gew\u00e4hrleistet.<\/p>\n\n\n\n<p>Kempf ist Diplom-Wirtschaftsingenieurin mit Schwerpunkt Logistik. Sie kommt aus einer Eisenbahnerfamilie mit ehemals familieneigenen Unternehmen (u.a. Mittelweserbahn) in Bruchhausen-Vilsen. Die letzten elf Jahre war sie in verschiedenen F\u00fchrungspositionen bei Unternehmen der SBB t\u00e4tig, unter anderem bei SBB Cargo International. Sie war zudem in diversen nationalen und internationalen Arbeitsgruppen und Gremien des Schienenverkehrs engagiert, unter anderem als Sprecherin der Railway Advisory Group EEIG Corridor Rhine-Alpine.<\/p>\n","protected":false},"excerpt":{"rendered":"<p>Im Rahmen der heutigen Sondersitzung des Pr\u00e4sidiums wurde Ulla Kempf (40) einstimmig zur neuen Gesch\u00e4ftsf\u00fchrerin Eisenbahnverkehr des Verbands Deutscher Verkehrsunternehmen (VDV) bestellt. Sie wird den Posten voraussichtlich zum 01.05.2024 \u00fcbernehmen. Der aktuelle Gesch\u00e4ftsf\u00fchrer Dr. Martin Henke, der den Bereich seit dem Jahr 2000 leitet, wird den VDV in den kommenden Monaten altersbedingt verlassen und in &hellip; <\/p>\n<p class=\"link-more\"><a href=\"http:\/\/www.railfreight.eu\/dr-ne\/2024-03-11-de-vdv-kempf-folgt-auf-henke\/\" class=\"more-link\"><span class=\"screen-reader-text\">\u201e[DE] VDV: Kempf folgt auf Henke\u201c<\/span> weiterlesen<\/a><\/p>\n","protected":false},"author":1,"featured_media":0,"comment_status":"open","ping_status":"open","sticky":false,"template":"","format":"standard","meta":{"footnotes":""},"categories":[2],"tags":[2525,803],"class_list":["post-44322","post","type-post","status-publish","format-standard","hentry","category-personalien","tag-deutschland","tag-vdv"],"_links":{"self":[{"href":"http:\/\/www.railfreight.eu\/dr-ne\/wp-json\/wp\/v2\/posts\/44322","targetHints":{"allow":["GET"]}}],"collection":[{"href":"http:\/\/www.railfreight.eu\/dr-ne\/wp-json\/wp\/v2\/posts"}],"about":[{"href":"http:\/\/www.railfreight.eu\/dr-ne\/wp-json\/wp\/v2\/types\/post"}],"author":[{"embeddable":true,"href":"http:\/\/www.railfreight.eu\/dr-ne\/wp-json\/wp\/v2\/users\/1"}],"replies":[{"embeddable":true,"href":"http:\/\/www.railfreight.eu\/dr-ne\/wp-json\/wp\/v2\/comments?post=44322"}],"version-history":[{"count":2,"href":"http:\/\/www.railfreight.eu\/dr-ne\/wp-json\/wp\/v2\/posts\/44322\/revisions"}],"predecessor-version":[{"id":44331,"href":"http:\/\/www.railfreight.eu\/dr-ne\/wp-json\/wp\/v2\/posts\/44322\/revisions\/44331"}],"wp:attachment":[{"href":"http:\/\/www.railfreight.eu\/dr-ne\/wp-json\/wp\/v2\/media?parent=44322"}],"wp:term":[{"taxonomy":"category","embeddable":true,"href":"http:\/\/www.railfreight.eu\/dr-ne\/wp-json\/wp\/v2\/categories?post=44322"},{"taxonomy":"post_tag","embeddable":true,"href":"http:\/\/www.railfreight.eu\/dr-ne\/wp-json\/wp\/v2\/tags?post=44322"}],"curies":[{"name":"wp","href":"https:\/\/api.w.org\/{rel}","templated":true}]}}