{"id":44374,"date":"2024-03-11T21:22:09","date_gmt":"2024-03-11T20:22:09","guid":{"rendered":"http:\/\/www.railfreight.eu\/dr-ne\/?p=44374"},"modified":"2024-03-11T21:22:10","modified_gmt":"2024-03-11T20:22:10","slug":"de-zug-erfasst-hand","status":"publish","type":"post","link":"http:\/\/www.railfreight.eu\/dr-ne\/2024-03-11-de-zug-erfasst-hand\/","title":{"rendered":"[DE] Zug erfasst Hand"},"content":{"rendered":"\n<p>Ein 26 Jahre alter Mann ist am Samstagmittag von einem vorbeifahrenden Zug schwer an der Hand verletzt worden. Ereignet hat sich der Vorfall im Bahnhof Sinzing im Landkreis Regensburg w\u00e4hrend der Gesch\u00e4digte wohl nahe an der Bahnsteigkante stand und in einem Gespr\u00e4ch mit einem Bekannten heftig gestikulierte.<\/p>\n\n\n\n<p>Der Triebfahrzeugf\u00fchrer bemerkte den Unfall offenbar nicht und fuhr weiter. Wie die Polizei mitteilte st\u00fcnde trotz richtigem Verhalten des Lokf\u00fchrers nun der strafrechtliche Tatbestand der fahrl\u00e4ssigen K\u00f6rperverletzung im Raum. Wie ein Polizeisprecher auf Anfrage des Bayerischen Rundfunks (BR) sagte, werde das Verfahren aber mit hoher Wahrscheinlichkeit eingestellt.<\/p>\n","protected":false},"excerpt":{"rendered":"<p>Ein 26 Jahre alter Mann ist am Samstagmittag von einem vorbeifahrenden Zug schwer an der Hand verletzt worden. Ereignet hat sich der Vorfall im Bahnhof Sinzing im Landkreis Regensburg w\u00e4hrend der Gesch\u00e4digte wohl nahe an der Bahnsteigkante stand und in einem Gespr\u00e4ch mit einem Bekannten heftig gestikulierte. Der Triebfahrzeugf\u00fchrer bemerkte den Unfall offenbar nicht und &hellip; <\/p>\n<p class=\"link-more\"><a href=\"http:\/\/www.railfreight.eu\/dr-ne\/2024-03-11-de-zug-erfasst-hand\/\" class=\"more-link\"><span class=\"screen-reader-text\">\u201e[DE] Zug erfasst Hand\u201c<\/span> weiterlesen<\/a><\/p>\n","protected":false},"author":1,"featured_media":0,"comment_status":"open","ping_status":"open","sticky":false,"template":"","format":"standard","meta":{"footnotes":""},"categories":[1038],"tags":[2525],"class_list":["post-44374","post","type-post","status-publish","format-standard","hentry","category-personal","tag-deutschland"],"_links":{"self":[{"href":"http:\/\/www.railfreight.eu\/dr-ne\/wp-json\/wp\/v2\/posts\/44374","targetHints":{"allow":["GET"]}}],"collection":[{"href":"http:\/\/www.railfreight.eu\/dr-ne\/wp-json\/wp\/v2\/posts"}],"about":[{"href":"http:\/\/www.railfreight.eu\/dr-ne\/wp-json\/wp\/v2\/types\/post"}],"author":[{"embeddable":true,"href":"http:\/\/www.railfreight.eu\/dr-ne\/wp-json\/wp\/v2\/users\/1"}],"replies":[{"embeddable":true,"href":"http:\/\/www.railfreight.eu\/dr-ne\/wp-json\/wp\/v2\/comments?post=44374"}],"version-history":[{"count":1,"href":"http:\/\/www.railfreight.eu\/dr-ne\/wp-json\/wp\/v2\/posts\/44374\/revisions"}],"predecessor-version":[{"id":44375,"href":"http:\/\/www.railfreight.eu\/dr-ne\/wp-json\/wp\/v2\/posts\/44374\/revisions\/44375"}],"wp:attachment":[{"href":"http:\/\/www.railfreight.eu\/dr-ne\/wp-json\/wp\/v2\/media?parent=44374"}],"wp:term":[{"taxonomy":"category","embeddable":true,"href":"http:\/\/www.railfreight.eu\/dr-ne\/wp-json\/wp\/v2\/categories?post=44374"},{"taxonomy":"post_tag","embeddable":true,"href":"http:\/\/www.railfreight.eu\/dr-ne\/wp-json\/wp\/v2\/tags?post=44374"}],"curies":[{"name":"wp","href":"https:\/\/api.w.org\/{rel}","templated":true}]}}