{"id":44376,"date":"2024-03-11T21:28:13","date_gmt":"2024-03-11T20:28:13","guid":{"rendered":"http:\/\/www.railfreight.eu\/dr-ne\/?p=44376"},"modified":"2024-03-11T21:45:22","modified_gmt":"2024-03-11T20:45:22","slug":"behelfsbrucke-in-elsfleth-kommt-ende-april","status":"publish","type":"post","link":"http:\/\/www.railfreight.eu\/dr-ne\/2024-03-11-behelfsbrucke-in-elsfleth-kommt-ende-april\/","title":{"rendered":"[DE] Behelfsbr\u00fccke in Elsfleth kommt Ende April"},"content":{"rendered":"\n<p>Die Behelfseisenbahnbr\u00fccke \u00fcber die Hunte zwischen Elsfleth und Berne soll Ende April in Betrieb gehen und wieder Bahnverkehre zu den H\u00e4fen von Brake und Nordenham erm\u00f6glichen. Das verk\u00fcndete Niedersachsens Wirtschaftsminister Olaf Lies (SPD) am 11.03.2024 bei einem Termin vor Ort. <\/p>\n\n\n\n<p>Die Ersatzbr\u00fccke, die nicht drehbar ist, aber Binnenschiffen tideabh\u00e4ngig die Durchfahrt erm\u00f6glicht, stammt aus dem Br\u00fcckenlager der Deutschen Bahn in Konz. Die Anlieferung soll Ende M\u00e4rz erfolgen.<\/p>\n","protected":false},"excerpt":{"rendered":"<p>Die Behelfseisenbahnbr\u00fccke \u00fcber die Hunte zwischen Elsfleth und Berne soll Ende April in Betrieb gehen und wieder Bahnverkehre zu den H\u00e4fen von Brake und Nordenham erm\u00f6glichen. Das verk\u00fcndete Niedersachsens Wirtschaftsminister Olaf Lies (SPD) am 11.03.2024 bei einem Termin vor Ort. Die Ersatzbr\u00fccke, die nicht drehbar ist, aber Binnenschiffen tideabh\u00e4ngig die Durchfahrt erm\u00f6glicht, stammt aus dem &hellip; <\/p>\n<p class=\"link-more\"><a href=\"http:\/\/www.railfreight.eu\/dr-ne\/2024-03-11-behelfsbrucke-in-elsfleth-kommt-ende-april\/\" class=\"more-link\"><span class=\"screen-reader-text\">\u201e[DE] Behelfsbr\u00fccke in Elsfleth kommt Ende April\u201c<\/span> weiterlesen<\/a><\/p>\n","protected":false},"author":1,"featured_media":0,"comment_status":"open","ping_status":"open","sticky":false,"template":"","format":"standard","meta":{"footnotes":""},"categories":[999,193],"tags":[752,2525],"class_list":["post-44376","post","type-post","status-publish","format-standard","hentry","category-betriebsstoerungen","category-infrastruktur","tag-db-infrago-db-netz","tag-deutschland"],"_links":{"self":[{"href":"http:\/\/www.railfreight.eu\/dr-ne\/wp-json\/wp\/v2\/posts\/44376","targetHints":{"allow":["GET"]}}],"collection":[{"href":"http:\/\/www.railfreight.eu\/dr-ne\/wp-json\/wp\/v2\/posts"}],"about":[{"href":"http:\/\/www.railfreight.eu\/dr-ne\/wp-json\/wp\/v2\/types\/post"}],"author":[{"embeddable":true,"href":"http:\/\/www.railfreight.eu\/dr-ne\/wp-json\/wp\/v2\/users\/1"}],"replies":[{"embeddable":true,"href":"http:\/\/www.railfreight.eu\/dr-ne\/wp-json\/wp\/v2\/comments?post=44376"}],"version-history":[{"count":2,"href":"http:\/\/www.railfreight.eu\/dr-ne\/wp-json\/wp\/v2\/posts\/44376\/revisions"}],"predecessor-version":[{"id":44380,"href":"http:\/\/www.railfreight.eu\/dr-ne\/wp-json\/wp\/v2\/posts\/44376\/revisions\/44380"}],"wp:attachment":[{"href":"http:\/\/www.railfreight.eu\/dr-ne\/wp-json\/wp\/v2\/media?parent=44376"}],"wp:term":[{"taxonomy":"category","embeddable":true,"href":"http:\/\/www.railfreight.eu\/dr-ne\/wp-json\/wp\/v2\/categories?post=44376"},{"taxonomy":"post_tag","embeddable":true,"href":"http:\/\/www.railfreight.eu\/dr-ne\/wp-json\/wp\/v2\/tags?post=44376"}],"curies":[{"name":"wp","href":"https:\/\/api.w.org\/{rel}","templated":true}]}}