{"id":44424,"date":"2024-03-13T15:41:22","date_gmt":"2024-03-13T14:41:22","guid":{"rendered":"http:\/\/www.railfreight.eu\/dr-ne\/?p=44424"},"modified":"2024-03-14T11:10:22","modified_gmt":"2024-03-14T10:10:22","slug":"vdv-ringat-als-vizepraesident-bestaetigt","status":"publish","type":"post","link":"http:\/\/www.railfreight.eu\/dr-ne\/2024-03-13-vdv-ringat-als-vizepraesident-bestaetigt\/","title":{"rendered":"[DE] VDV: Ringat als Vizepr\u00e4sident best\u00e4tigt"},"content":{"rendered":"\n<p>In ihrer turnusm\u00e4\u00dfigen Sitzung haben die Vertreter der \u00fcber 50 im Verband Deutscher Verkehrsunternehmen (VDV) organisierten Verbund- und Aufgabentr\u00e4gerorganisationen am 13.03.2024 Prof. Knut Ringat und Jos\u00e9 Luis Castrillo ihr Vertrauen f\u00fcr eine weitere Amtszeit von drei Jahren ausgesprochen: Prof. Knut Ringat, Vorsitzender der Gesch\u00e4ftsf\u00fchrung des Rhein-Main-Verkehrsverbunds (RMV), wurde einstimmig als Vorsitzender des VDV-Verwaltungsrats der Sparte Verbund- und Aufgabentr\u00e4gerorganisationen und damit als VDV-Vizepr\u00e4sident wiedergew\u00e4hlt. Jos\u00e9 Luis Castrillo, Vorstand bei der Verkehrsverbund Rhein-Ruhr A\u00f6R (VRR), wird weiterhin als stellvertretender Vorsitzender des Verwaltungsrats fungieren.<\/p>\n\n\n\n<p>Seit 2009 vertritt Ringat die Interessen der Verbund- und Aufgabentr\u00e4gerorganisationen im Vorstand und Pr\u00e4sidium des VDV und ist damit der dienst\u00e4lteste VDV-Vizepr\u00e4sident. Castrillo, ebenfalls ein erfahrener Branchenkenner, leitet den Ausschuss f\u00fcr Preisbildung und Vertrieb und ist in dieser Funktion ebenfalls Mitglied im VDV-Pr\u00e4sidium.<\/p>\n","protected":false},"excerpt":{"rendered":"<p>In ihrer turnusm\u00e4\u00dfigen Sitzung haben die Vertreter der \u00fcber 50 im Verband Deutscher Verkehrsunternehmen (VDV) organisierten Verbund- und Aufgabentr\u00e4gerorganisationen am 13.03.2024 Prof. Knut Ringat und Jos\u00e9 Luis Castrillo ihr Vertrauen f\u00fcr eine weitere Amtszeit von drei Jahren ausgesprochen: Prof. Knut Ringat, Vorsitzender der Gesch\u00e4ftsf\u00fchrung des Rhein-Main-Verkehrsverbunds (RMV), wurde einstimmig als Vorsitzender des VDV-Verwaltungsrats der Sparte &hellip; <\/p>\n<p class=\"link-more\"><a href=\"http:\/\/www.railfreight.eu\/dr-ne\/2024-03-13-vdv-ringat-als-vizepraesident-bestaetigt\/\" class=\"more-link\"><span class=\"screen-reader-text\">\u201e[DE] VDV: Ringat als Vizepr\u00e4sident best\u00e4tigt\u201c<\/span> weiterlesen<\/a><\/p>\n","protected":false},"author":1,"featured_media":0,"comment_status":"open","ping_status":"open","sticky":false,"template":"","format":"standard","meta":{"footnotes":""},"categories":[2],"tags":[2525,803],"class_list":["post-44424","post","type-post","status-publish","format-standard","hentry","category-personalien","tag-deutschland","tag-vdv"],"_links":{"self":[{"href":"http:\/\/www.railfreight.eu\/dr-ne\/wp-json\/wp\/v2\/posts\/44424","targetHints":{"allow":["GET"]}}],"collection":[{"href":"http:\/\/www.railfreight.eu\/dr-ne\/wp-json\/wp\/v2\/posts"}],"about":[{"href":"http:\/\/www.railfreight.eu\/dr-ne\/wp-json\/wp\/v2\/types\/post"}],"author":[{"embeddable":true,"href":"http:\/\/www.railfreight.eu\/dr-ne\/wp-json\/wp\/v2\/users\/1"}],"replies":[{"embeddable":true,"href":"http:\/\/www.railfreight.eu\/dr-ne\/wp-json\/wp\/v2\/comments?post=44424"}],"version-history":[{"count":1,"href":"http:\/\/www.railfreight.eu\/dr-ne\/wp-json\/wp\/v2\/posts\/44424\/revisions"}],"predecessor-version":[{"id":44425,"href":"http:\/\/www.railfreight.eu\/dr-ne\/wp-json\/wp\/v2\/posts\/44424\/revisions\/44425"}],"wp:attachment":[{"href":"http:\/\/www.railfreight.eu\/dr-ne\/wp-json\/wp\/v2\/media?parent=44424"}],"wp:term":[{"taxonomy":"category","embeddable":true,"href":"http:\/\/www.railfreight.eu\/dr-ne\/wp-json\/wp\/v2\/categories?post=44424"},{"taxonomy":"post_tag","embeddable":true,"href":"http:\/\/www.railfreight.eu\/dr-ne\/wp-json\/wp\/v2\/tags?post=44424"}],"curies":[{"name":"wp","href":"https:\/\/api.w.org\/{rel}","templated":true}]}}