{"id":45983,"date":"2024-05-07T13:09:06","date_gmt":"2024-05-07T11:09:06","guid":{"rendered":"http:\/\/www.railfreight.eu\/dr-ne\/?p=45983"},"modified":"2024-05-08T00:11:42","modified_gmt":"2024-05-07T22:11:42","slug":"se-green-cargo-westlund-interims-cfo","status":"publish","type":"post","link":"http:\/\/www.railfreight.eu\/dr-ne\/2024-05-07-se-green-cargo-westlund-interims-cfo\/","title":{"rendered":"[SE] Green Cargo: Westlund interims-CFO"},"content":{"rendered":"\n<p>Lars Westlund wird ab 17.05.2024 interimistisch den Posten als CFO der schwedischen G\u00fcterbahn Green Cargo bekleiden. Er folgt auf den seit Januar 2020 amtierenden P\u00e4r Nordlander, der das Unternehmen verl\u00e4sst.<\/p>\n\n\n\n<p>Zuvor war Westlund CFO bei dem Batterieelementehersteller Vianode in Norwegen und verf\u00fcgt \u00fcber Erfahrungen in f\u00fchrenden Positionen in der Automobil- und Luftfahrtindustrie sowie bei internationalen Unternehmen.<\/p>\n","protected":false},"excerpt":{"rendered":"<p>Lars Westlund wird ab 17.05.2024 interimistisch den Posten als CFO der schwedischen G\u00fcterbahn Green Cargo bekleiden. Er folgt auf den seit Januar 2020 amtierenden P\u00e4r Nordlander, der das Unternehmen verl\u00e4sst. Zuvor war Westlund CFO bei dem Batterieelementehersteller Vianode in Norwegen und verf\u00fcgt \u00fcber Erfahrungen in f\u00fchrenden Positionen in der Automobil- und Luftfahrtindustrie sowie bei internationalen &hellip; <\/p>\n<p class=\"link-more\"><a href=\"http:\/\/www.railfreight.eu\/dr-ne\/2024-05-07-se-green-cargo-westlund-interims-cfo\/\" class=\"more-link\"><span class=\"screen-reader-text\">\u201e[SE] Green Cargo: Westlund interims-CFO\u201c<\/span> weiterlesen<\/a><\/p>\n","protected":false},"author":1,"featured_media":0,"comment_status":"open","ping_status":"open","sticky":false,"template":"","format":"standard","meta":{"footnotes":""},"categories":[2],"tags":[317,314],"class_list":["post-45983","post","type-post","status-publish","format-standard","hentry","category-personalien","tag-green-cargo","tag-schweden"],"_links":{"self":[{"href":"http:\/\/www.railfreight.eu\/dr-ne\/wp-json\/wp\/v2\/posts\/45983","targetHints":{"allow":["GET"]}}],"collection":[{"href":"http:\/\/www.railfreight.eu\/dr-ne\/wp-json\/wp\/v2\/posts"}],"about":[{"href":"http:\/\/www.railfreight.eu\/dr-ne\/wp-json\/wp\/v2\/types\/post"}],"author":[{"embeddable":true,"href":"http:\/\/www.railfreight.eu\/dr-ne\/wp-json\/wp\/v2\/users\/1"}],"replies":[{"embeddable":true,"href":"http:\/\/www.railfreight.eu\/dr-ne\/wp-json\/wp\/v2\/comments?post=45983"}],"version-history":[{"count":1,"href":"http:\/\/www.railfreight.eu\/dr-ne\/wp-json\/wp\/v2\/posts\/45983\/revisions"}],"predecessor-version":[{"id":45984,"href":"http:\/\/www.railfreight.eu\/dr-ne\/wp-json\/wp\/v2\/posts\/45983\/revisions\/45984"}],"wp:attachment":[{"href":"http:\/\/www.railfreight.eu\/dr-ne\/wp-json\/wp\/v2\/media?parent=45983"}],"wp:term":[{"taxonomy":"category","embeddable":true,"href":"http:\/\/www.railfreight.eu\/dr-ne\/wp-json\/wp\/v2\/categories?post=45983"},{"taxonomy":"post_tag","embeddable":true,"href":"http:\/\/www.railfreight.eu\/dr-ne\/wp-json\/wp\/v2\/tags?post=45983"}],"curies":[{"name":"wp","href":"https:\/\/api.w.org\/{rel}","templated":true}]}}