{"id":46082,"date":"2024-05-13T07:18:07","date_gmt":"2024-05-13T05:18:07","guid":{"rendered":"http:\/\/www.railfreight.eu\/dr-ne\/?p=46082"},"modified":"2024-05-13T10:19:21","modified_gmt":"2024-05-13T08:19:21","slug":"at-recycling-betrieb-eroeffnet-neue-anschlussbahn","status":"publish","type":"post","link":"http:\/\/www.railfreight.eu\/dr-ne\/2024-05-13-at-recycling-betrieb-eroeffnet-neue-anschlussbahn\/","title":{"rendered":"[AT] Recycling-Betrieb er\u00f6ffnet neue Anschlussbahn"},"content":{"rendered":"\n<p>Ein Recycling-Betrieb im Pongau in \u00d6sterreich hat eine eigene Anschlussbahn erworben. Die R.E.P. die Recycling und Entsorgungs Profis GmbH ist auf Entsorgung und Recycling von Altreifen spezialisiert und verl\u00e4dt \u00fcber ihre neue Anschlussbahn auch Altspeisefette f\u00fcr ihre Schwesterfirma Speisereste Entsorgung Lindinger GmbH. Anfangs rechnet die Unternehmensgruppe mit einem Transportaufkommen von etwa 100 G\u00fcterwagen pro Jahr \u2013 dieses soll aber in den kommenden Jahren weiter wachsen.<\/p>\n\n\n\n<p>F\u00fcr die Anschlussbahn kaufte die R.E.P. ein St\u00fcck eines direkt neben dem Betriebsgel\u00e4nde liegenden und nicht mehr ben\u00f6tigten Gleises des Bahnhofs Schwarzach-St. Veit von der \u00d6BB-Infrastruktur AG.<\/p>\n\n\n\n<figure class=\"wp-block-image size-large\"><img loading=\"lazy\" decoding=\"async\" width=\"1024\" height=\"683\" src=\"http:\/\/www.railfreight.eu\/dr-ne\/wp-content\/uploads\/2024\/05\/20240503_REP-Schwarzach_019_cOeBB-Marktl-Photography-1024x683.jpg\" alt=\"\" class=\"wp-image-46083\" srcset=\"http:\/\/www.railfreight.eu\/dr-ne\/wp-content\/uploads\/2024\/05\/20240503_REP-Schwarzach_019_cOeBB-Marktl-Photography-1024x683.jpg 1024w, http:\/\/www.railfreight.eu\/dr-ne\/wp-content\/uploads\/2024\/05\/20240503_REP-Schwarzach_019_cOeBB-Marktl-Photography-300x200.jpg 300w, http:\/\/www.railfreight.eu\/dr-ne\/wp-content\/uploads\/2024\/05\/20240503_REP-Schwarzach_019_cOeBB-Marktl-Photography-768x512.jpg 768w, http:\/\/www.railfreight.eu\/dr-ne\/wp-content\/uploads\/2024\/05\/20240503_REP-Schwarzach_019_cOeBB-Marktl-Photography.jpg 1238w\" sizes=\"auto, (max-width: 767px) 89vw, (max-width: 1000px) 54vw, (max-width: 1071px) 543px, 580px\" \/><figcaption class=\"wp-element-caption\">Von links nach rechts: \u00d6BB-Infrastruktur AG Vorst\u00e4ndin Judith Engel, R.E.P. Gesch\u00e4ftsf\u00fchrer Thomas Lindinger, Landeshauptmann-Stellvertreter Stefan Schn\u00f6ll. Foto: \u00d6BB \/ Marktl Photography<\/figcaption><\/figure>\n\n\n\n<p><iframe src=\"https:\/\/www.google.com\/maps\/embed?pb=!1m18!1m12!1m3!1d1026179.8060343547!2d11.699507294727447!3d47.2707065243563!2m3!1f0!2f0!3f0!3m2!1i1024!2i768!4f13.1!3m3!1m2!1s0x4776d9dad51b6b17%3A0x143072af01f0563!2sSpeiseresteentsorgung%20Lindinger%20GmbH!5e0!3m2!1sde!2sde!4v1715588681765!5m2!1sde!2sde\" width=\"600\" height=\"450\" style=\"border:0;\" allowfullscreen=\"\" loading=\"lazy\" referrerpolicy=\"no-referrer-when-downgrade\"><\/iframe><\/p>\n","protected":false},"excerpt":{"rendered":"<p>Ein Recycling-Betrieb im Pongau in \u00d6sterreich hat eine eigene Anschlussbahn erworben. Die R.E.P. die Recycling und Entsorgungs Profis GmbH ist auf Entsorgung und Recycling von Altreifen spezialisiert und verl\u00e4dt \u00fcber ihre neue Anschlussbahn auch Altspeisefette f\u00fcr ihre Schwesterfirma Speisereste Entsorgung Lindinger GmbH. Anfangs rechnet die Unternehmensgruppe mit einem Transportaufkommen von etwa 100 G\u00fcterwagen pro Jahr &hellip; <\/p>\n<p class=\"link-more\"><a href=\"http:\/\/www.railfreight.eu\/dr-ne\/2024-05-13-at-recycling-betrieb-eroeffnet-neue-anschlussbahn\/\" class=\"more-link\"><span class=\"screen-reader-text\">\u201e[AT] Recycling-Betrieb er\u00f6ffnet neue Anschlussbahn\u201c<\/span> weiterlesen<\/a><\/p>\n","protected":false},"author":1,"featured_media":0,"comment_status":"open","ping_status":"open","sticky":false,"template":"","format":"standard","meta":{"footnotes":""},"categories":[193],"tags":[1251,864,88],"class_list":["post-46082","post","type-post","status-publish","format-standard","hentry","category-infrastruktur","tag-anschlussgleis","tag-oebb-infra","tag-oesterreich"],"_links":{"self":[{"href":"http:\/\/www.railfreight.eu\/dr-ne\/wp-json\/wp\/v2\/posts\/46082","targetHints":{"allow":["GET"]}}],"collection":[{"href":"http:\/\/www.railfreight.eu\/dr-ne\/wp-json\/wp\/v2\/posts"}],"about":[{"href":"http:\/\/www.railfreight.eu\/dr-ne\/wp-json\/wp\/v2\/types\/post"}],"author":[{"embeddable":true,"href":"http:\/\/www.railfreight.eu\/dr-ne\/wp-json\/wp\/v2\/users\/1"}],"replies":[{"embeddable":true,"href":"http:\/\/www.railfreight.eu\/dr-ne\/wp-json\/wp\/v2\/comments?post=46082"}],"version-history":[{"count":3,"href":"http:\/\/www.railfreight.eu\/dr-ne\/wp-json\/wp\/v2\/posts\/46082\/revisions"}],"predecessor-version":[{"id":46110,"href":"http:\/\/www.railfreight.eu\/dr-ne\/wp-json\/wp\/v2\/posts\/46082\/revisions\/46110"}],"wp:attachment":[{"href":"http:\/\/www.railfreight.eu\/dr-ne\/wp-json\/wp\/v2\/media?parent=46082"}],"wp:term":[{"taxonomy":"category","embeddable":true,"href":"http:\/\/www.railfreight.eu\/dr-ne\/wp-json\/wp\/v2\/categories?post=46082"},{"taxonomy":"post_tag","embeddable":true,"href":"http:\/\/www.railfreight.eu\/dr-ne\/wp-json\/wp\/v2\/tags?post=46082"}],"curies":[{"name":"wp","href":"https:\/\/api.w.org\/{rel}","templated":true}]}}