{"id":47537,"date":"2024-07-09T09:12:33","date_gmt":"2024-07-09T07:12:33","guid":{"rendered":"http:\/\/www.railfreight.eu\/dr-ne\/?p=47537"},"modified":"2024-07-09T10:33:44","modified_gmt":"2024-07-09T08:33:44","slug":"de-ganztaegige-warnstreiks-in-seehaefen","status":"publish","type":"post","link":"http:\/\/www.railfreight.eu\/dr-ne\/2024-07-09-de-ganztaegige-warnstreiks-in-seehaefen\/","title":{"rendered":"[DE] Ganzt\u00e4gige Warnstreiks in Seeh\u00e4fen"},"content":{"rendered":"\n<p>Die Vereinte Dienstleistungsgewerkschaft (ver.di) ruft in der Tarifrunde Seeh\u00e4fen die Besch\u00e4ftigten in Hamburg und Bremerhaven zu ganzt\u00e4gigen Warnstreiks am 09. und 10.07.2024 auf, um vor der vierten Verhandlungsrunde den Druck auf die Arbeitgeber zu erh\u00f6hen. Die Tarifverhandlungen zwischen ver.di und dem Zentralverband der Deutschen Seehafenbetriebe (ZDS) werden am 11.\/12. Juli in Bremen fortgesetzt.<\/p>\n\n\n\n<p>ver.di fordert eine Erh\u00f6hung der Stundenl\u00f6hne um drei Euro zum 01.06.2024 sowie eine entsprechende Anhebung der Schichtzuschl\u00e4ge, inklusive einer Nachholung der ausgebliebenen Erh\u00f6hung der Schichtzulagen im Tarifabschluss 2022, bei einer Laufzeit des Tarifvertrages von zw\u00f6lf Monaten.&nbsp;<\/p>\n","protected":false},"excerpt":{"rendered":"<p>Die Vereinte Dienstleistungsgewerkschaft (ver.di) ruft in der Tarifrunde Seeh\u00e4fen die Besch\u00e4ftigten in Hamburg und Bremerhaven zu ganzt\u00e4gigen Warnstreiks am 09. und 10.07.2024 auf, um vor der vierten Verhandlungsrunde den Druck auf die Arbeitgeber zu erh\u00f6hen. Die Tarifverhandlungen zwischen ver.di und dem Zentralverband der Deutschen Seehafenbetriebe (ZDS) werden am 11.\/12. Juli in Bremen fortgesetzt. ver.di fordert &hellip; <\/p>\n<p class=\"link-more\"><a href=\"http:\/\/www.railfreight.eu\/dr-ne\/2024-07-09-de-ganztaegige-warnstreiks-in-seehaefen\/\" class=\"more-link\"><span class=\"screen-reader-text\">\u201e[DE] Ganzt\u00e4gige Warnstreiks in Seeh\u00e4fen\u201c<\/span> weiterlesen<\/a><\/p>\n","protected":false},"author":1,"featured_media":0,"comment_status":"open","ping_status":"open","sticky":false,"template":"","format":"standard","meta":{"footnotes":""},"categories":[1038],"tags":[2525,955,2228],"class_list":["post-47537","post","type-post","status-publish","format-standard","hentry","category-personal","tag-deutschland","tag-streik","tag-ver-di"],"_links":{"self":[{"href":"http:\/\/www.railfreight.eu\/dr-ne\/wp-json\/wp\/v2\/posts\/47537","targetHints":{"allow":["GET"]}}],"collection":[{"href":"http:\/\/www.railfreight.eu\/dr-ne\/wp-json\/wp\/v2\/posts"}],"about":[{"href":"http:\/\/www.railfreight.eu\/dr-ne\/wp-json\/wp\/v2\/types\/post"}],"author":[{"embeddable":true,"href":"http:\/\/www.railfreight.eu\/dr-ne\/wp-json\/wp\/v2\/users\/1"}],"replies":[{"embeddable":true,"href":"http:\/\/www.railfreight.eu\/dr-ne\/wp-json\/wp\/v2\/comments?post=47537"}],"version-history":[{"count":2,"href":"http:\/\/www.railfreight.eu\/dr-ne\/wp-json\/wp\/v2\/posts\/47537\/revisions"}],"predecessor-version":[{"id":47547,"href":"http:\/\/www.railfreight.eu\/dr-ne\/wp-json\/wp\/v2\/posts\/47537\/revisions\/47547"}],"wp:attachment":[{"href":"http:\/\/www.railfreight.eu\/dr-ne\/wp-json\/wp\/v2\/media?parent=47537"}],"wp:term":[{"taxonomy":"category","embeddable":true,"href":"http:\/\/www.railfreight.eu\/dr-ne\/wp-json\/wp\/v2\/categories?post=47537"},{"taxonomy":"post_tag","embeddable":true,"href":"http:\/\/www.railfreight.eu\/dr-ne\/wp-json\/wp\/v2\/tags?post=47537"}],"curies":[{"name":"wp","href":"https:\/\/api.w.org\/{rel}","templated":true}]}}