{"id":47875,"date":"2024-08-05T12:18:00","date_gmt":"2024-08-05T10:18:00","guid":{"rendered":"http:\/\/www.railfreight.eu\/dr-ne\/?p=47875"},"modified":"2024-09-11T23:34:59","modified_gmt":"2024-09-11T21:34:59","slug":"de-necoss-verdichtet-bremerhaven-stuttgart","status":"publish","type":"post","link":"http:\/\/www.railfreight.eu\/dr-ne\/2024-08-05-de-necoss-verdichtet-bremerhaven-stuttgart\/","title":{"rendered":"[DE] NeCoSS verdichtet Bremerhaven &#8211; Stuttgart"},"content":{"rendered":"\n<p>NeCoSS Neutral Container Shuttle System hat die Frequenz zwischen Bremerhaven und Stuttgart DP World seit 01.08.2024 von drei auf sechs Rundl\u00e4ufe pro Woche verdichtet. Die Traktion \u00fcbernimmt unver\u00e4ndert die evb Logistik.<\/p>\n\n\n\n<p><\/p>\n","protected":false},"excerpt":{"rendered":"<p>NeCoSS Neutral Container Shuttle System hat die Frequenz zwischen Bremerhaven und Stuttgart DP World seit 01.08.2024 von drei auf sechs Rundl\u00e4ufe pro Woche verdichtet. Die Traktion \u00fcbernimmt unver\u00e4ndert die evb Logistik.<\/p>\n","protected":false},"author":1,"featured_media":0,"comment_status":"open","ping_status":"open","sticky":false,"template":"","format":"standard","meta":{"footnotes":""},"categories":[32],"tags":[2525,45,47,43],"class_list":["post-47875","post","type-post","status-publish","format-standard","hentry","category-verkehr","tag-deutschland","tag-evb","tag-intermodal","tag-necoss"],"_links":{"self":[{"href":"http:\/\/www.railfreight.eu\/dr-ne\/wp-json\/wp\/v2\/posts\/47875","targetHints":{"allow":["GET"]}}],"collection":[{"href":"http:\/\/www.railfreight.eu\/dr-ne\/wp-json\/wp\/v2\/posts"}],"about":[{"href":"http:\/\/www.railfreight.eu\/dr-ne\/wp-json\/wp\/v2\/types\/post"}],"author":[{"embeddable":true,"href":"http:\/\/www.railfreight.eu\/dr-ne\/wp-json\/wp\/v2\/users\/1"}],"replies":[{"embeddable":true,"href":"http:\/\/www.railfreight.eu\/dr-ne\/wp-json\/wp\/v2\/comments?post=47875"}],"version-history":[{"count":5,"href":"http:\/\/www.railfreight.eu\/dr-ne\/wp-json\/wp\/v2\/posts\/47875\/revisions"}],"predecessor-version":[{"id":49169,"href":"http:\/\/www.railfreight.eu\/dr-ne\/wp-json\/wp\/v2\/posts\/47875\/revisions\/49169"}],"wp:attachment":[{"href":"http:\/\/www.railfreight.eu\/dr-ne\/wp-json\/wp\/v2\/media?parent=47875"}],"wp:term":[{"taxonomy":"category","embeddable":true,"href":"http:\/\/www.railfreight.eu\/dr-ne\/wp-json\/wp\/v2\/categories?post=47875"},{"taxonomy":"post_tag","embeddable":true,"href":"http:\/\/www.railfreight.eu\/dr-ne\/wp-json\/wp\/v2\/tags?post=47875"}],"curies":[{"name":"wp","href":"https:\/\/api.w.org\/{rel}","templated":true}]}}