{"id":48492,"date":"2024-08-05T13:28:47","date_gmt":"2024-08-05T11:28:47","guid":{"rendered":"http:\/\/www.railfreight.eu\/dr-ne\/?p=48492"},"modified":"2024-09-11T23:22:06","modified_gmt":"2024-09-11T21:22:06","slug":"pl-pkp-cargo-personal-fuer-wars","status":"publish","type":"post","link":"http:\/\/www.railfreight.eu\/dr-ne\/2024-08-05-pl-pkp-cargo-personal-fuer-wars\/","title":{"rendered":"[PL] PKP Cargo-Personal f\u00fcr WARS"},"content":{"rendered":"\n<p>Die in Restrukturierung befindliche PKP Cargo hat am 05.08.2024 mit WARS eine \u00dcbereinkunft unterzeichnet, das bis zu 100 Mitarbeitern der G\u00fcterbahn einen Wechsel zum Zugcateringunternehmen erm\u00f6glicht.<\/p>\n\n\n\n<figure class=\"wp-block-image size-full\"><img loading=\"lazy\" decoding=\"async\" width=\"640\" height=\"480\" src=\"http:\/\/www.railfreight.eu\/dr-ne\/wp-content\/uploads\/2024\/08\/1722940954444.jpg\" alt=\"\" class=\"wp-image-48493\" srcset=\"http:\/\/www.railfreight.eu\/dr-ne\/wp-content\/uploads\/2024\/08\/1722940954444.jpg 640w, http:\/\/www.railfreight.eu\/dr-ne\/wp-content\/uploads\/2024\/08\/1722940954444-300x225.jpg 300w\" sizes=\"auto, (max-width: 640px) 100vw, 640px\" \/><figcaption class=\"wp-element-caption\">Foto: PKP Cargo<\/figcaption><\/figure>\n\n\n\n<figure class=\"wp-block-image size-large\"><a href=\"https:\/\/www.europeanlocpool.com\/kontakt\/\" target=\"_blank\" rel=\"noreferrer noopener\"><img decoding=\"async\" src=\"http:\/\/www.railfreight.eu\/dr-ne\/wp-content\/uploads\/2024\/08\/ELP_Banner_RailFreight_2024_de.gif\" alt=\"\" class=\"wp-image-48436\"\/><\/a><\/figure>\n","protected":false},"excerpt":{"rendered":"<p>Die in Restrukturierung befindliche PKP Cargo hat am 05.08.2024 mit WARS eine \u00dcbereinkunft unterzeichnet, das bis zu 100 Mitarbeitern der G\u00fcterbahn einen Wechsel zum Zugcateringunternehmen erm\u00f6glicht.<\/p>\n","protected":false},"author":1,"featured_media":0,"comment_status":"open","ping_status":"open","sticky":false,"template":"","format":"standard","meta":{"footnotes":""},"categories":[1038],"tags":[103,104],"class_list":["post-48492","post","type-post","status-publish","format-standard","hentry","category-personal","tag-pkp-cargo","tag-polen"],"_links":{"self":[{"href":"http:\/\/www.railfreight.eu\/dr-ne\/wp-json\/wp\/v2\/posts\/48492","targetHints":{"allow":["GET"]}}],"collection":[{"href":"http:\/\/www.railfreight.eu\/dr-ne\/wp-json\/wp\/v2\/posts"}],"about":[{"href":"http:\/\/www.railfreight.eu\/dr-ne\/wp-json\/wp\/v2\/types\/post"}],"author":[{"embeddable":true,"href":"http:\/\/www.railfreight.eu\/dr-ne\/wp-json\/wp\/v2\/users\/1"}],"replies":[{"embeddable":true,"href":"http:\/\/www.railfreight.eu\/dr-ne\/wp-json\/wp\/v2\/comments?post=48492"}],"version-history":[{"count":2,"href":"http:\/\/www.railfreight.eu\/dr-ne\/wp-json\/wp\/v2\/posts\/48492\/revisions"}],"predecessor-version":[{"id":49103,"href":"http:\/\/www.railfreight.eu\/dr-ne\/wp-json\/wp\/v2\/posts\/48492\/revisions\/49103"}],"wp:attachment":[{"href":"http:\/\/www.railfreight.eu\/dr-ne\/wp-json\/wp\/v2\/media?parent=48492"}],"wp:term":[{"taxonomy":"category","embeddable":true,"href":"http:\/\/www.railfreight.eu\/dr-ne\/wp-json\/wp\/v2\/categories?post=48492"},{"taxonomy":"post_tag","embeddable":true,"href":"http:\/\/www.railfreight.eu\/dr-ne\/wp-json\/wp\/v2\/tags?post=48492"}],"curies":[{"name":"wp","href":"https:\/\/api.w.org\/{rel}","templated":true}]}}