{"id":48587,"date":"2024-08-28T20:29:54","date_gmt":"2024-08-28T18:29:54","guid":{"rendered":"http:\/\/www.railfreight.eu\/dr-ne\/?p=48587"},"modified":"2024-08-28T22:36:28","modified_gmt":"2024-08-28T20:36:28","slug":"be-ro-genk-curtici-wieder-mit-rtb-cargo","status":"publish","type":"post","link":"http:\/\/www.railfreight.eu\/dr-ne\/2024-08-28-be-ro-genk-curtici-wieder-mit-rtb-cargo\/","title":{"rendered":"[BE\/RO] Genk &#8211; Curtici wieder mit RTB CARGO"},"content":{"rendered":"\n<p>Seit Ende Juli 2024 ist RTB CARGO wieder in die Leistungserbringung der Containerverkehre von Genk nach Curtici eingebunden. Gemeinsam mit der Rail Cargo Group (RCG) f\u00e4hrt die private G\u00fcterbahn die Strecke Genk \u2013 Aachen \u2013 Hegyeshalom \u2013 Curtici mit drei Rundl\u00e4ufen, wobei die \u00dcbernahme der Z\u00fcge zwischen Aachen West und Hegyeshalom erfolgt. Haupts\u00e4chlich kommen Vectron-Loks zum Einsatz. Bis zum Jahresende ist eine Steigerung auf vier Rundl\u00e4ufe geplant.<\/p>\n\n\n\n<p>RTB CARGO f\u00fchrte diese Verbindung bereits langj\u00e4hrig im Unterauftrag von Lineas durch.<\/p>\n\n\n\n<p><a data-flickr-embed=\"true\" href=\"https:\/\/www.flickr.com\/photos\/130415494@N08\/49960668618\/\" title=\"RTB Cargo am Chiemsee\"><img loading=\"lazy\" decoding=\"async\" src=\"https:\/\/live.staticflickr.com\/65535\/49960668618_90bb841637_k.jpg\" width=\"2048\" height=\"1366\" alt=\"RTB Cargo am Chiemsee\"><\/a><script async=\"\" src=\"\/\/embedr.flickr.com\/assets\/client-code.js\" charset=\"utf-8\"><\/script><\/p>\n\n\n\n<figure class=\"wp-block-image size-large\"><a href=\"https:\/\/www.europeanlocpool.com\/kontakt\/\" target=\"_blank\" rel=\"noreferrer noopener\"><img decoding=\"async\" src=\"http:\/\/www.railfreight.eu\/dr-ne\/wp-content\/uploads\/2024\/08\/ELP_Banner_RailFreight_2024_de.gif\" alt=\"\" class=\"wp-image-48436\"\/><\/a><\/figure>\n","protected":false},"excerpt":{"rendered":"<p>Seit Ende Juli 2024 ist RTB CARGO wieder in die Leistungserbringung der Containerverkehre von Genk nach Curtici eingebunden. Gemeinsam mit der Rail Cargo Group (RCG) f\u00e4hrt die private G\u00fcterbahn die Strecke Genk \u2013 Aachen \u2013 Hegyeshalom \u2013 Curtici mit drei Rundl\u00e4ufen, wobei die \u00dcbernahme der Z\u00fcge zwischen Aachen West und Hegyeshalom erfolgt. Haupts\u00e4chlich kommen Vectron-Loks &hellip; <\/p>\n<p class=\"link-more\"><a href=\"http:\/\/www.railfreight.eu\/dr-ne\/2024-08-28-be-ro-genk-curtici-wieder-mit-rtb-cargo\/\" class=\"more-link\"><span class=\"screen-reader-text\">\u201e[BE\/RO] Genk &#8211; Curtici wieder mit RTB CARGO\u201c<\/span> weiterlesen<\/a><\/p>\n","protected":false},"author":1,"featured_media":0,"comment_status":"open","ping_status":"open","sticky":false,"template":"","format":"standard","meta":{"footnotes":""},"categories":[32],"tags":[159,2525,47,79,88,476,48,212],"class_list":["post-48587","post","type-post","status-publish","format-standard","hentry","category-verkehr","tag-belgien","tag-deutschland","tag-intermodal","tag-oebb-rail-cargo-group","tag-oesterreich","tag-railtraxx","tag-rtb-cargo","tag-rumaenien"],"_links":{"self":[{"href":"http:\/\/www.railfreight.eu\/dr-ne\/wp-json\/wp\/v2\/posts\/48587","targetHints":{"allow":["GET"]}}],"collection":[{"href":"http:\/\/www.railfreight.eu\/dr-ne\/wp-json\/wp\/v2\/posts"}],"about":[{"href":"http:\/\/www.railfreight.eu\/dr-ne\/wp-json\/wp\/v2\/types\/post"}],"author":[{"embeddable":true,"href":"http:\/\/www.railfreight.eu\/dr-ne\/wp-json\/wp\/v2\/users\/1"}],"replies":[{"embeddable":true,"href":"http:\/\/www.railfreight.eu\/dr-ne\/wp-json\/wp\/v2\/comments?post=48587"}],"version-history":[{"count":8,"href":"http:\/\/www.railfreight.eu\/dr-ne\/wp-json\/wp\/v2\/posts\/48587\/revisions"}],"predecessor-version":[{"id":48615,"href":"http:\/\/www.railfreight.eu\/dr-ne\/wp-json\/wp\/v2\/posts\/48587\/revisions\/48615"}],"wp:attachment":[{"href":"http:\/\/www.railfreight.eu\/dr-ne\/wp-json\/wp\/v2\/media?parent=48587"}],"wp:term":[{"taxonomy":"category","embeddable":true,"href":"http:\/\/www.railfreight.eu\/dr-ne\/wp-json\/wp\/v2\/categories?post=48587"},{"taxonomy":"post_tag","embeddable":true,"href":"http:\/\/www.railfreight.eu\/dr-ne\/wp-json\/wp\/v2\/tags?post=48587"}],"curies":[{"name":"wp","href":"https:\/\/api.w.org\/{rel}","templated":true}]}}