{"id":50148,"date":"2024-10-09T21:55:16","date_gmt":"2024-10-09T19:55:16","guid":{"rendered":"http:\/\/www.railfreight.eu\/dr-ne\/?p=50148"},"modified":"2024-10-10T10:21:39","modified_gmt":"2024-10-10T08:21:39","slug":"de-lkw-walter-verdichtet-dresden-duisburg","status":"publish","type":"post","link":"http:\/\/www.railfreight.eu\/dr-ne\/2024-10-09-de-lkw-walter-verdichtet-dresden-duisburg\/","title":{"rendered":"[DE] LKW WALTER verdichtet Dresden \u2013 Duisburg"},"content":{"rendered":"\n<p>LKW WALTER hat die Frequenz auf der <a href=\"http:\/\/www.railfreight.eu\/dr-ne\/2024\/04\/04\/de-lkw-walter-neu-dresden-duisburg\/\" data-type=\"post\" data-id=\"45022\">im April 2024 gestarteten Linie Duisburg &#8211; Dresden<\/a> verdichtet:<\/p>\n\n\n\n<ul class=\"wp-block-list\">\n<li>3 x pro Woche seit 03.04.2024 mit dispo-Tf Rail<\/li>\n\n\n\n<li>3 x pro Woche seit 09.10.2024 mit Eisenbahngesellschaft Potsdam (EGP)<\/li>\n<\/ul>\n\n\n\n<p>Die EGP f\u00e4hrt bereits <a href=\"http:\/\/www.railfreight.eu\/dr-ne\/2024\/04\/10\/de-lkw-walter-startet-herne-luebeck\/\" data-type=\"post\" data-id=\"45049\">Herne &#8211; L\u00fcbeck f\u00fcr LKW WALTER<\/a>.<\/p>\n\n\n\n<figure class=\"wp-block-image size-large\"><img loading=\"lazy\" decoding=\"async\" width=\"1024\" height=\"768\" src=\"http:\/\/www.railfreight.eu\/dr-ne\/wp-content\/uploads\/2024\/10\/1728492789154-1024x768.jpg\" alt=\"\" class=\"wp-image-50149\" srcset=\"http:\/\/www.railfreight.eu\/dr-ne\/wp-content\/uploads\/2024\/10\/1728492789154-1024x768.jpg 1024w, http:\/\/www.railfreight.eu\/dr-ne\/wp-content\/uploads\/2024\/10\/1728492789154-300x225.jpg 300w, http:\/\/www.railfreight.eu\/dr-ne\/wp-content\/uploads\/2024\/10\/1728492789154-768x576.jpg 768w, http:\/\/www.railfreight.eu\/dr-ne\/wp-content\/uploads\/2024\/10\/1728492789154-1536x1152.jpg 1536w, http:\/\/www.railfreight.eu\/dr-ne\/wp-content\/uploads\/2024\/10\/1728492789154-1320x990.jpg 1320w, http:\/\/www.railfreight.eu\/dr-ne\/wp-content\/uploads\/2024\/10\/1728492789154.jpg 2048w\" sizes=\"auto, (max-width: 767px) 89vw, (max-width: 1000px) 54vw, (max-width: 1071px) 543px, 580px\" \/><figcaption class=\"wp-element-caption\">Foto: S\u00e4chsische Binnenh\u00e4fen Oberelbe GmbH<\/figcaption><\/figure>\n","protected":false},"excerpt":{"rendered":"<p>LKW WALTER hat die Frequenz auf der im April 2024 gestarteten Linie Duisburg &#8211; Dresden verdichtet: Die EGP f\u00e4hrt bereits Herne &#8211; L\u00fcbeck f\u00fcr LKW WALTER.<\/p>\n","protected":false},"author":1,"featured_media":0,"comment_status":"open","ping_status":"open","sticky":false,"template":"","format":"standard","meta":{"footnotes":""},"categories":[32],"tags":[2525,40,47,465],"class_list":["post-50148","post","type-post","status-publish","format-standard","hentry","category-verkehr","tag-deutschland","tag-egp","tag-intermodal","tag-lkw-walter"],"_links":{"self":[{"href":"http:\/\/www.railfreight.eu\/dr-ne\/wp-json\/wp\/v2\/posts\/50148","targetHints":{"allow":["GET"]}}],"collection":[{"href":"http:\/\/www.railfreight.eu\/dr-ne\/wp-json\/wp\/v2\/posts"}],"about":[{"href":"http:\/\/www.railfreight.eu\/dr-ne\/wp-json\/wp\/v2\/types\/post"}],"author":[{"embeddable":true,"href":"http:\/\/www.railfreight.eu\/dr-ne\/wp-json\/wp\/v2\/users\/1"}],"replies":[{"embeddable":true,"href":"http:\/\/www.railfreight.eu\/dr-ne\/wp-json\/wp\/v2\/comments?post=50148"}],"version-history":[{"count":1,"href":"http:\/\/www.railfreight.eu\/dr-ne\/wp-json\/wp\/v2\/posts\/50148\/revisions"}],"predecessor-version":[{"id":50150,"href":"http:\/\/www.railfreight.eu\/dr-ne\/wp-json\/wp\/v2\/posts\/50148\/revisions\/50150"}],"wp:attachment":[{"href":"http:\/\/www.railfreight.eu\/dr-ne\/wp-json\/wp\/v2\/media?parent=50148"}],"wp:term":[{"taxonomy":"category","embeddable":true,"href":"http:\/\/www.railfreight.eu\/dr-ne\/wp-json\/wp\/v2\/categories?post=50148"},{"taxonomy":"post_tag","embeddable":true,"href":"http:\/\/www.railfreight.eu\/dr-ne\/wp-json\/wp\/v2\/tags?post=50148"}],"curies":[{"name":"wp","href":"https:\/\/api.w.org\/{rel}","templated":true}]}}