{"id":50217,"date":"2024-10-14T10:20:15","date_gmt":"2024-10-14T08:20:15","guid":{"rendered":"http:\/\/www.railfreight.eu\/dr-ne\/?p=50217"},"modified":"2024-10-14T10:20:15","modified_gmt":"2024-10-14T08:20:15","slug":"de-mukran-port-forster-statt-sievers","status":"publish","type":"post","link":"http:\/\/www.railfreight.eu\/dr-ne\/2024-10-14-de-mukran-port-forster-statt-sievers\/","title":{"rendered":"[DE] Mukran Port: Forster statt Sievers"},"content":{"rendered":"<div class=\"wp-block-image\">\n<figure class=\"alignleft size-full is-resized\"><img loading=\"lazy\" decoding=\"async\" width=\"500\" height=\"626\" src=\"http:\/\/www.railfreight.eu\/dr-ne\/wp-content\/uploads\/2024\/10\/1728639409723.jpg\" alt=\"\" class=\"wp-image-50218\" style=\"width:169px;height:auto\" srcset=\"http:\/\/www.railfreight.eu\/dr-ne\/wp-content\/uploads\/2024\/10\/1728639409723.jpg 500w, http:\/\/www.railfreight.eu\/dr-ne\/wp-content\/uploads\/2024\/10\/1728639409723-240x300.jpg 240w\" sizes=\"auto, (max-width: 500px) 100vw, 500px\" \/><\/figure><\/div>\n\n\n<p>Mit Wirkung zum 01.01.2025 \u00fcbernimmt Henry Forster die Position des Gesch\u00e4ftsf\u00fchrers der F\u00e4hrhafen Sassnitz GmbH. Er tritt die Nachfolge des gut 20 Jahre amtierenden Gesch\u00e4ftsf\u00fchrers Harm Sievers an, der am 30.09.2024 in den Ruhestand getreten ist. Ad interim \u00fcbernimmt mit Fridjof Ostenberg der bisherige Prokurist und Leiter der Rechtsabteilung die Gesch\u00e4ftsf\u00fchrung.<\/p>\n\n\n\n<p>Der geb\u00fcrtige Sassnitzer Henry Forster verf\u00fcgt \u00fcber langj\u00e4hrge Erfahrung in der Entwicklung und energetischen Transformation von Unternehmen und Industriestandorten, so zum Beispiel bei der Nehlsen AG in Bremen, bei der GOA mbH in Baden-W\u00fcrttemberg oder zuletzt bei der Ihlenberger Abfallentsorgungsgesellschaft mbH.<\/p>\n\n\n\n<p>Beim Tochterunternehmen Baltic Port Rail Mukran GmbH (bprm) wurde die Nachfolgeregelung f\u00fcr Sievers bereits im Juli im Handelsregister eingetragen: Die vorherige Prokuristin Christina Stoll (49) folgt auf Sievers als Gesch\u00e4ftsf\u00fchrer neben Tino Gerschler (64).<\/p>\n","protected":false},"excerpt":{"rendered":"<p>Mit Wirkung zum 01.01.2025 \u00fcbernimmt Henry Forster die Position des Gesch\u00e4ftsf\u00fchrers der F\u00e4hrhafen Sassnitz GmbH. Er tritt die Nachfolge des gut 20 Jahre amtierenden Gesch\u00e4ftsf\u00fchrers Harm Sievers an, der am 30.09.2024 in den Ruhestand getreten ist. Ad interim \u00fcbernimmt mit Fridjof Ostenberg der bisherige Prokurist und Leiter der Rechtsabteilung die Gesch\u00e4ftsf\u00fchrung. Der geb\u00fcrtige Sassnitzer Henry &hellip; <\/p>\n<p class=\"link-more\"><a href=\"http:\/\/www.railfreight.eu\/dr-ne\/2024-10-14-de-mukran-port-forster-statt-sievers\/\" class=\"more-link\"><span class=\"screen-reader-text\">\u201e[DE] Mukran Port: Forster statt Sievers\u201c<\/span> weiterlesen<\/a><\/p>\n","protected":false},"author":1,"featured_media":0,"comment_status":"open","ping_status":"open","sticky":false,"template":"","format":"standard","meta":{"footnotes":""},"categories":[2],"tags":[900,2525,2926,2925],"class_list":["post-50217","post","type-post","status-publish","format-standard","hentry","category-personalien","tag-bprm","tag-deutschland","tag-fhs","tag-mukran-port"],"_links":{"self":[{"href":"http:\/\/www.railfreight.eu\/dr-ne\/wp-json\/wp\/v2\/posts\/50217","targetHints":{"allow":["GET"]}}],"collection":[{"href":"http:\/\/www.railfreight.eu\/dr-ne\/wp-json\/wp\/v2\/posts"}],"about":[{"href":"http:\/\/www.railfreight.eu\/dr-ne\/wp-json\/wp\/v2\/types\/post"}],"author":[{"embeddable":true,"href":"http:\/\/www.railfreight.eu\/dr-ne\/wp-json\/wp\/v2\/users\/1"}],"replies":[{"embeddable":true,"href":"http:\/\/www.railfreight.eu\/dr-ne\/wp-json\/wp\/v2\/comments?post=50217"}],"version-history":[{"count":4,"href":"http:\/\/www.railfreight.eu\/dr-ne\/wp-json\/wp\/v2\/posts\/50217\/revisions"}],"predecessor-version":[{"id":50240,"href":"http:\/\/www.railfreight.eu\/dr-ne\/wp-json\/wp\/v2\/posts\/50217\/revisions\/50240"}],"wp:attachment":[{"href":"http:\/\/www.railfreight.eu\/dr-ne\/wp-json\/wp\/v2\/media?parent=50217"}],"wp:term":[{"taxonomy":"category","embeddable":true,"href":"http:\/\/www.railfreight.eu\/dr-ne\/wp-json\/wp\/v2\/categories?post=50217"},{"taxonomy":"post_tag","embeddable":true,"href":"http:\/\/www.railfreight.eu\/dr-ne\/wp-json\/wp\/v2\/tags?post=50217"}],"curies":[{"name":"wp","href":"https:\/\/api.w.org\/{rel}","templated":true}]}}