{"id":50353,"date":"2024-10-14T09:56:27","date_gmt":"2024-10-14T07:56:27","guid":{"rendered":"http:\/\/www.railfreight.eu\/dr-ne\/?p=50353"},"modified":"2024-10-17T09:58:26","modified_gmt":"2024-10-17T07:58:26","slug":"pl-pkp-cargo-mitarbeiter-bei-alstom","status":"publish","type":"post","link":"http:\/\/www.railfreight.eu\/dr-ne\/2024-10-14-pl-pkp-cargo-mitarbeiter-bei-alstom\/","title":{"rendered":"[PL] PKP CARGO-Mitarbeiter bei Alstom"},"content":{"rendered":"\n<p>Die in Restrukturierung befindliche polnische G\u00fcterbahn PKP CARGO und Alstom haben zwei Vertr\u00e4ge \u00fcber die Besch\u00e4ftigung von PKP CARGO-Mitarbeitern abgeschlossen.<\/p>\n\n\n\n<figure class=\"wp-block-image size-full\"><img loading=\"lazy\" decoding=\"async\" width=\"800\" height=\"887\" src=\"http:\/\/www.railfreight.eu\/dr-ne\/wp-content\/uploads\/2024\/10\/1728649216436.jpg\" alt=\"\" class=\"wp-image-50354\" srcset=\"http:\/\/www.railfreight.eu\/dr-ne\/wp-content\/uploads\/2024\/10\/1728649216436.jpg 800w, http:\/\/www.railfreight.eu\/dr-ne\/wp-content\/uploads\/2024\/10\/1728649216436-271x300.jpg 271w, http:\/\/www.railfreight.eu\/dr-ne\/wp-content\/uploads\/2024\/10\/1728649216436-768x852.jpg 768w\" sizes=\"auto, (max-width: 767px) 89vw, (max-width: 1000px) 54vw, (max-width: 1071px) 543px, 580px\" \/><figcaption class=\"wp-element-caption\">Foto: PKP CARGO<\/figcaption><\/figure>\n","protected":false},"excerpt":{"rendered":"<p>Die in Restrukturierung befindliche polnische G\u00fcterbahn PKP CARGO und Alstom haben zwei Vertr\u00e4ge \u00fcber die Besch\u00e4ftigung von PKP CARGO-Mitarbeitern abgeschlossen.<\/p>\n","protected":false},"author":1,"featured_media":0,"comment_status":"open","ping_status":"open","sticky":false,"template":"","format":"standard","meta":{"footnotes":""},"categories":[1038],"tags":[383,103,104],"class_list":["post-50353","post","type-post","status-publish","format-standard","hentry","category-personal","tag-alstom","tag-pkp-cargo","tag-polen"],"_links":{"self":[{"href":"http:\/\/www.railfreight.eu\/dr-ne\/wp-json\/wp\/v2\/posts\/50353","targetHints":{"allow":["GET"]}}],"collection":[{"href":"http:\/\/www.railfreight.eu\/dr-ne\/wp-json\/wp\/v2\/posts"}],"about":[{"href":"http:\/\/www.railfreight.eu\/dr-ne\/wp-json\/wp\/v2\/types\/post"}],"author":[{"embeddable":true,"href":"http:\/\/www.railfreight.eu\/dr-ne\/wp-json\/wp\/v2\/users\/1"}],"replies":[{"embeddable":true,"href":"http:\/\/www.railfreight.eu\/dr-ne\/wp-json\/wp\/v2\/comments?post=50353"}],"version-history":[{"count":2,"href":"http:\/\/www.railfreight.eu\/dr-ne\/wp-json\/wp\/v2\/posts\/50353\/revisions"}],"predecessor-version":[{"id":50356,"href":"http:\/\/www.railfreight.eu\/dr-ne\/wp-json\/wp\/v2\/posts\/50353\/revisions\/50356"}],"wp:attachment":[{"href":"http:\/\/www.railfreight.eu\/dr-ne\/wp-json\/wp\/v2\/media?parent=50353"}],"wp:term":[{"taxonomy":"category","embeddable":true,"href":"http:\/\/www.railfreight.eu\/dr-ne\/wp-json\/wp\/v2\/categories?post=50353"},{"taxonomy":"post_tag","embeddable":true,"href":"http:\/\/www.railfreight.eu\/dr-ne\/wp-json\/wp\/v2\/tags?post=50353"}],"curies":[{"name":"wp","href":"https:\/\/api.w.org\/{rel}","templated":true}]}}