{"id":51179,"date":"2024-11-25T13:47:53","date_gmt":"2024-11-25T12:47:53","guid":{"rendered":"http:\/\/www.railfreight.eu\/dr-ne\/?p=51179"},"modified":"2024-11-25T22:55:28","modified_gmt":"2024-11-25T21:55:28","slug":"pl-at-cer-faehrt-poznan-wien","status":"publish","type":"post","link":"http:\/\/www.railfreight.eu\/dr-ne\/2024-11-25-pl-at-cer-faehrt-poznan-wien\/","title":{"rendered":"[PL\/AT] CER f\u00e4hrt Pozna\u0144 &#8211; Wien"},"content":{"rendered":"\n<p>CER Cargo vermeldet den ersten Zuglauf Pozna\u0144 &#8211; Wien. F\u00fcr &#8222;\u00fcber drei Jahre&#8220; sollen nun 2-3 Z\u00fcge pro Woche gefahren werden.<\/p>\n\n\n\n<figure class=\"wp-block-image size-full\"><img loading=\"lazy\" decoding=\"async\" width=\"800\" height=\"450\" src=\"http:\/\/www.railfreight.eu\/dr-ne\/wp-content\/uploads\/2024\/11\/1732092017161.jpg\" alt=\"\" class=\"wp-image-51180\" srcset=\"http:\/\/www.railfreight.eu\/dr-ne\/wp-content\/uploads\/2024\/11\/1732092017161.jpg 800w, http:\/\/www.railfreight.eu\/dr-ne\/wp-content\/uploads\/2024\/11\/1732092017161-300x169.jpg 300w, http:\/\/www.railfreight.eu\/dr-ne\/wp-content\/uploads\/2024\/11\/1732092017161-768x432.jpg 768w\" sizes=\"auto, (max-width: 767px) 89vw, (max-width: 1000px) 54vw, (max-width: 1071px) 543px, 580px\" \/><figcaption class=\"wp-element-caption\">Foto: CER Cargo<\/figcaption><\/figure>\n","protected":false},"excerpt":{"rendered":"<p>CER Cargo vermeldet den ersten Zuglauf Pozna\u0144 &#8211; Wien. F\u00fcr &#8222;\u00fcber drei Jahre&#8220; sollen nun 2-3 Z\u00fcge pro Woche gefahren werden.<\/p>\n","protected":false},"author":1,"featured_media":0,"comment_status":"open","ping_status":"open","sticky":false,"template":"","format":"standard","meta":{"footnotes":""},"categories":[2860,32],"tags":[123,47,88,104],"class_list":["post-51179","post","type-post","status-publish","format-standard","hentry","category-redate","category-verkehr","tag-cer-cargo","tag-intermodal","tag-oesterreich","tag-polen"],"_links":{"self":[{"href":"http:\/\/www.railfreight.eu\/dr-ne\/wp-json\/wp\/v2\/posts\/51179","targetHints":{"allow":["GET"]}}],"collection":[{"href":"http:\/\/www.railfreight.eu\/dr-ne\/wp-json\/wp\/v2\/posts"}],"about":[{"href":"http:\/\/www.railfreight.eu\/dr-ne\/wp-json\/wp\/v2\/types\/post"}],"author":[{"embeddable":true,"href":"http:\/\/www.railfreight.eu\/dr-ne\/wp-json\/wp\/v2\/users\/1"}],"replies":[{"embeddable":true,"href":"http:\/\/www.railfreight.eu\/dr-ne\/wp-json\/wp\/v2\/comments?post=51179"}],"version-history":[{"count":2,"href":"http:\/\/www.railfreight.eu\/dr-ne\/wp-json\/wp\/v2\/posts\/51179\/revisions"}],"predecessor-version":[{"id":51364,"href":"http:\/\/www.railfreight.eu\/dr-ne\/wp-json\/wp\/v2\/posts\/51179\/revisions\/51364"}],"wp:attachment":[{"href":"http:\/\/www.railfreight.eu\/dr-ne\/wp-json\/wp\/v2\/media?parent=51179"}],"wp:term":[{"taxonomy":"category","embeddable":true,"href":"http:\/\/www.railfreight.eu\/dr-ne\/wp-json\/wp\/v2\/categories?post=51179"},{"taxonomy":"post_tag","embeddable":true,"href":"http:\/\/www.railfreight.eu\/dr-ne\/wp-json\/wp\/v2\/tags?post=51179"}],"curies":[{"name":"wp","href":"https:\/\/api.w.org\/{rel}","templated":true}]}}