{"id":53747,"date":"2025-02-13T14:45:00","date_gmt":"2025-02-13T13:45:00","guid":{"rendered":"http:\/\/www.railfreight.eu\/dr-ne\/?p=53747"},"modified":"2025-02-14T09:46:32","modified_gmt":"2025-02-14T08:46:32","slug":"ch-sbb-cargo-stellenabbau","status":"publish","type":"post","link":"http:\/\/www.railfreight.eu\/dr-ne\/2025-02-13-ch-sbb-cargo-stellenabbau\/","title":{"rendered":"[CH] SBB Cargo: Stellenabbau"},"content":{"rendered":"\n<p>Die SBB Cargo AG schreibt f\u00fcr das vergangene Jahr einen deutlich h\u00f6heren Verlust als erwartet. Die Hauptgr\u00fcnde sind konjunktureller Natur und h\u00e4ngen mit der weiter versch\u00e4rften Wirtschaftslage zusammen. Darauf reagiert das Unternehmen, indem es die eigenen Kosten senkt, den Ertrag steigert und die Auslastung erh\u00f6ht sowie gezielt investiert. <\/p>\n\n\n\n<p>Konkret wird SBB Cargo bis Ende 2025 rund 80 Vollzeitstellen abbauen. Dies betrifft Stellen in der Verwaltung und beim operativen Personal. Die SBB Cargo AG besch\u00e4ftigt rund 2.250 Vollzeitstellen. Die SBB ist in einem engen Austausch mit den Sozialpartnern. Der Stellenabbau soll so sozialvertr\u00e4glich wie m\u00f6glich \u00fcber Wechsel innerhalb der SBB, \u00fcber nat\u00fcrliche Fluktuation wie Pensionierungen erfolgen \u2013 K\u00fcndigungen sollen die Ausnahme darstellen.<\/p>\n\n\n\n<p>Durch Investitionen in eine moderne Flotte, Automatisierung und ein neues Produktionsmodell will die G\u00fcterbahn die Kosten um 60 Mio. CHF senken. F\u00fcr die Sanierung des Einzelwagenladungsverkehrs z\u00e4hlt SBB Cargo auf eine befristete finanzielle Unterst\u00fctzung des Bundes. Diese basiert auf der Totalrevision des G\u00fctertransportgesetzes.<\/p>\n\n\n\n<p>Die SBB wird im Rahmen der Jahresmedienkonferenz am 6. M\u00e4rz die Situation einordnen und die geplanten Ma\u00dfnahmen konkreter er\u00f6rtern.<\/p>\n","protected":false},"excerpt":{"rendered":"<p>Die SBB Cargo AG schreibt f\u00fcr das vergangene Jahr einen deutlich h\u00f6heren Verlust als erwartet. Die Hauptgr\u00fcnde sind konjunktureller Natur und h\u00e4ngen mit der weiter versch\u00e4rften Wirtschaftslage zusammen. Darauf reagiert das Unternehmen, indem es die eigenen Kosten senkt, den Ertrag steigert und die Auslastung erh\u00f6ht sowie gezielt investiert. Konkret wird SBB Cargo bis Ende 2025 &hellip; <\/p>\n<p class=\"link-more\"><a href=\"http:\/\/www.railfreight.eu\/dr-ne\/2025-02-13-ch-sbb-cargo-stellenabbau\/\" class=\"more-link\"><span class=\"screen-reader-text\">\u201e[CH] SBB Cargo: Stellenabbau\u201c<\/span> weiterlesen<\/a><\/p>\n","protected":false},"author":1,"featured_media":0,"comment_status":"open","ping_status":"open","sticky":false,"template":"","format":"standard","meta":{"footnotes":""},"categories":[1038],"tags":[883,85,116],"class_list":["post-53747","post","type-post","status-publish","format-standard","hentry","category-personal","tag-bilanz","tag-sbb-cargo","tag-schweiz"],"_links":{"self":[{"href":"http:\/\/www.railfreight.eu\/dr-ne\/wp-json\/wp\/v2\/posts\/53747","targetHints":{"allow":["GET"]}}],"collection":[{"href":"http:\/\/www.railfreight.eu\/dr-ne\/wp-json\/wp\/v2\/posts"}],"about":[{"href":"http:\/\/www.railfreight.eu\/dr-ne\/wp-json\/wp\/v2\/types\/post"}],"author":[{"embeddable":true,"href":"http:\/\/www.railfreight.eu\/dr-ne\/wp-json\/wp\/v2\/users\/1"}],"replies":[{"embeddable":true,"href":"http:\/\/www.railfreight.eu\/dr-ne\/wp-json\/wp\/v2\/comments?post=53747"}],"version-history":[{"count":1,"href":"http:\/\/www.railfreight.eu\/dr-ne\/wp-json\/wp\/v2\/posts\/53747\/revisions"}],"predecessor-version":[{"id":53748,"href":"http:\/\/www.railfreight.eu\/dr-ne\/wp-json\/wp\/v2\/posts\/53747\/revisions\/53748"}],"wp:attachment":[{"href":"http:\/\/www.railfreight.eu\/dr-ne\/wp-json\/wp\/v2\/media?parent=53747"}],"wp:term":[{"taxonomy":"category","embeddable":true,"href":"http:\/\/www.railfreight.eu\/dr-ne\/wp-json\/wp\/v2\/categories?post=53747"},{"taxonomy":"post_tag","embeddable":true,"href":"http:\/\/www.railfreight.eu\/dr-ne\/wp-json\/wp\/v2\/tags?post=53747"}],"curies":[{"name":"wp","href":"https:\/\/api.w.org\/{rel}","templated":true}]}}