{"id":54553,"date":"2024-03-11T19:01:44","date_gmt":"2024-03-11T18:01:44","guid":{"rendered":"http:\/\/www.railfreight.eu\/dr-ne\/?p=54553"},"modified":"2025-03-11T19:10:24","modified_gmt":"2025-03-11T18:10:24","slug":"rs-eurorail-nesic-folgt-auf-plavsic","status":"publish","type":"post","link":"http:\/\/www.railfreight.eu\/dr-ne\/2024-03-11-rs-eurorail-nesic-folgt-auf-plavsic\/","title":{"rendered":"[RS] Eurorail: Ne\u0161i\u0107 folgt auf Plav\u0161i\u0107"},"content":{"rendered":"\n<p>Nach dem Wechsel von <a href=\"http:\/\/www.railfreight.eu\/dr-ne\/2024\/03\/04\/ivana-plavsic-von-eurorail-zu-adria-rail\/\" data-type=\"post\" data-id=\"44243\">Ivana Plav\u0161i\u0107 zu METRANS \/ Adria Rail<\/a> hat Ivan Ne\u0161i\u0107 die Gesch\u00e4ftsf\u00fchrung der Grampet-Tochter Eurorail Logistics d.o.o. in Serbien \u00fcbernommen.<\/p>\n\n\n\n<p>Der Manager war zuvor vier Jahre beim serbischen Center for investigation of accidents in railway traffic (CINS) t\u00e4tig sowie langj\u00e4hrig bei den Staatsbahnen Srbija Voz \/ Kargo. Dort \u00fcbernahm er zuletzt von 2018 bis 2020 den Posten des Director for the Traffic and Transport Operations.<\/p>\n\n\n\n<p><\/p>\n","protected":false},"excerpt":{"rendered":"<p>Nach dem Wechsel von Ivana Plav\u0161i\u0107 zu METRANS \/ Adria Rail hat Ivan Ne\u0161i\u0107 die Gesch\u00e4ftsf\u00fchrung der Grampet-Tochter Eurorail Logistics d.o.o. in Serbien \u00fcbernommen. Der Manager war zuvor vier Jahre beim serbischen Center for investigation of accidents in railway traffic (CINS) t\u00e4tig sowie langj\u00e4hrig bei den Staatsbahnen Srbija Voz \/ Kargo. Dort \u00fcbernahm er zuletzt &hellip; <\/p>\n<p class=\"link-more\"><a href=\"http:\/\/www.railfreight.eu\/dr-ne\/2024-03-11-rs-eurorail-nesic-folgt-auf-plavsic\/\" class=\"more-link\"><span class=\"screen-reader-text\">\u201e[RS] Eurorail: Ne\u0161i\u0107 folgt auf Plav\u0161i\u0107\u201c<\/span> weiterlesen<\/a><\/p>\n","protected":false},"author":1,"featured_media":0,"comment_status":"open","ping_status":"open","sticky":false,"template":"","format":"standard","meta":{"footnotes":""},"categories":[2],"tags":[1460,530,112],"class_list":["post-54553","post","type-post","status-publish","format-standard","hentry","category-personalien","tag-eurorail","tag-grampet","tag-serbien"],"_links":{"self":[{"href":"http:\/\/www.railfreight.eu\/dr-ne\/wp-json\/wp\/v2\/posts\/54553","targetHints":{"allow":["GET"]}}],"collection":[{"href":"http:\/\/www.railfreight.eu\/dr-ne\/wp-json\/wp\/v2\/posts"}],"about":[{"href":"http:\/\/www.railfreight.eu\/dr-ne\/wp-json\/wp\/v2\/types\/post"}],"author":[{"embeddable":true,"href":"http:\/\/www.railfreight.eu\/dr-ne\/wp-json\/wp\/v2\/users\/1"}],"replies":[{"embeddable":true,"href":"http:\/\/www.railfreight.eu\/dr-ne\/wp-json\/wp\/v2\/comments?post=54553"}],"version-history":[{"count":3,"href":"http:\/\/www.railfreight.eu\/dr-ne\/wp-json\/wp\/v2\/posts\/54553\/revisions"}],"predecessor-version":[{"id":54557,"href":"http:\/\/www.railfreight.eu\/dr-ne\/wp-json\/wp\/v2\/posts\/54553\/revisions\/54557"}],"wp:attachment":[{"href":"http:\/\/www.railfreight.eu\/dr-ne\/wp-json\/wp\/v2\/media?parent=54553"}],"wp:term":[{"taxonomy":"category","embeddable":true,"href":"http:\/\/www.railfreight.eu\/dr-ne\/wp-json\/wp\/v2\/categories?post=54553"},{"taxonomy":"post_tag","embeddable":true,"href":"http:\/\/www.railfreight.eu\/dr-ne\/wp-json\/wp\/v2\/tags?post=54553"}],"curies":[{"name":"wp","href":"https:\/\/api.w.org\/{rel}","templated":true}]}}