{"id":56888,"date":"2025-06-10T14:04:38","date_gmt":"2025-06-10T12:04:38","guid":{"rendered":"http:\/\/www.railfreight.eu\/dr-ne\/?p=56888"},"modified":"2025-06-11T09:18:23","modified_gmt":"2025-06-11T07:18:23","slug":"pl-entlassungswelle-bei-pkp-cargo","status":"publish","type":"post","link":"http:\/\/www.railfreight.eu\/dr-ne\/2025-06-10-pl-entlassungswelle-bei-pkp-cargo\/","title":{"rendered":"[PL] Entlassungswelle bei PKP CARGO?"},"content":{"rendered":"\n<p>Die finanziell angeschlagene polnische G\u00fcterbahn will nach Medienberichten auf der Hauptversammlung am 30.06.2025 zwei gr\u00f6\u00dfere Entlassungswellen beschlie\u00dfen. Aus Gewerkschaftskreisen wurde verlautbart, dass bis Ende Juli 2025 1.000 sowie bis Ende September 2026 weitere 1.400 Mitarbeiter das Unternehmen verlassen sollen. In den ersten vier Monaten des Jahres 2025 verzeichnete die G\u00fcterbahn einen R\u00fcckgang des Transportvolumens um 5 % gegen\u00fcber dem Vorjahr.<\/p>\n","protected":false},"excerpt":{"rendered":"<p>Die finanziell angeschlagene polnische G\u00fcterbahn will nach Medienberichten auf der Hauptversammlung am 30.06.2025 zwei gr\u00f6\u00dfere Entlassungswellen beschlie\u00dfen. Aus Gewerkschaftskreisen wurde verlautbart, dass bis Ende Juli 2025 1.000 sowie bis Ende September 2026 weitere 1.400 Mitarbeiter das Unternehmen verlassen sollen. In den ersten vier Monaten des Jahres 2025 verzeichnete die G\u00fcterbahn einen R\u00fcckgang des Transportvolumens um &hellip; <\/p>\n<p class=\"link-more\"><a href=\"http:\/\/www.railfreight.eu\/dr-ne\/2025-06-10-pl-entlassungswelle-bei-pkp-cargo\/\" class=\"more-link\"><span class=\"screen-reader-text\">\u201e[PL] Entlassungswelle bei PKP CARGO?\u201c<\/span> weiterlesen<\/a><\/p>\n","protected":false},"author":1,"featured_media":0,"comment_status":"open","ping_status":"open","sticky":false,"template":"","format":"standard","meta":{"footnotes":""},"categories":[1038,2860],"tags":[103,104],"class_list":["post-56888","post","type-post","status-publish","format-standard","hentry","category-personal","category-redate","tag-pkp-cargo","tag-polen"],"_links":{"self":[{"href":"http:\/\/www.railfreight.eu\/dr-ne\/wp-json\/wp\/v2\/posts\/56888","targetHints":{"allow":["GET"]}}],"collection":[{"href":"http:\/\/www.railfreight.eu\/dr-ne\/wp-json\/wp\/v2\/posts"}],"about":[{"href":"http:\/\/www.railfreight.eu\/dr-ne\/wp-json\/wp\/v2\/types\/post"}],"author":[{"embeddable":true,"href":"http:\/\/www.railfreight.eu\/dr-ne\/wp-json\/wp\/v2\/users\/1"}],"replies":[{"embeddable":true,"href":"http:\/\/www.railfreight.eu\/dr-ne\/wp-json\/wp\/v2\/comments?post=56888"}],"version-history":[{"count":1,"href":"http:\/\/www.railfreight.eu\/dr-ne\/wp-json\/wp\/v2\/posts\/56888\/revisions"}],"predecessor-version":[{"id":56890,"href":"http:\/\/www.railfreight.eu\/dr-ne\/wp-json\/wp\/v2\/posts\/56888\/revisions\/56890"}],"wp:attachment":[{"href":"http:\/\/www.railfreight.eu\/dr-ne\/wp-json\/wp\/v2\/media?parent=56888"}],"wp:term":[{"taxonomy":"category","embeddable":true,"href":"http:\/\/www.railfreight.eu\/dr-ne\/wp-json\/wp\/v2\/categories?post=56888"},{"taxonomy":"post_tag","embeddable":true,"href":"http:\/\/www.railfreight.eu\/dr-ne\/wp-json\/wp\/v2\/tags?post=56888"}],"curies":[{"name":"wp","href":"https:\/\/api.w.org\/{rel}","templated":true}]}}