{"id":57569,"date":"2025-07-11T10:32:29","date_gmt":"2025-07-11T08:32:29","guid":{"rendered":"http:\/\/www.railfreight.eu\/dr-ne\/?p=57569"},"modified":"2025-07-11T10:32:50","modified_gmt":"2025-07-11T08:32:50","slug":"de-raum-koeln-db-statt-rheincargo","status":"publish","type":"post","link":"http:\/\/www.railfreight.eu\/dr-ne\/2025-07-11-de-raum-koeln-db-statt-rheincargo\/","title":{"rendered":"[DE] Raum K\u00f6ln: DB statt RheinCargo"},"content":{"rendered":"\n<p>DB Cargo f\u00fchrt im Raum K\u00f6ln seit dem 01.07.2025 die so genannten Kooperationsverkehre selbst durch. Dies betrifft die zuvor langj\u00e4hrig von RheinCargo erbrachten Traktionsleistungen zwischen den tariflichen \u00dcbergabestellen Br\u00fchl-Vochem bzw. K\u00f6ln-Bickendorf und den DB Cargo-Bahnh\u00f6fen K\u00f6ln-Kalk Nord bzw. Gremberg.<\/p>\n\n\n\n<p>RheinCargo ist von DB Cargo weiterhin f\u00fcr die \u201eletzte Meile\u201c beauftragt. Dies beinhaltet die Zuf\u00fchrung und Abholung der Einzelwagen bei den Empf\u00e4ngern \/ Absendern sowie das Zusammenrangieren der Ausgangsz\u00fcge in K\u00f6ln-Niehl bzw. Br\u00fchl-Vochem.<\/p>\n","protected":false},"excerpt":{"rendered":"<p>DB Cargo f\u00fchrt im Raum K\u00f6ln seit dem 01.07.2025 die so genannten Kooperationsverkehre selbst durch. Dies betrifft die zuvor langj\u00e4hrig von RheinCargo erbrachten Traktionsleistungen zwischen den tariflichen \u00dcbergabestellen Br\u00fchl-Vochem bzw. K\u00f6ln-Bickendorf und den DB Cargo-Bahnh\u00f6fen K\u00f6ln-Kalk Nord bzw. Gremberg. RheinCargo ist von DB Cargo weiterhin f\u00fcr die \u201eletzte Meile\u201c beauftragt. Dies beinhaltet die Zuf\u00fchrung und &hellip; <\/p>\n<p class=\"link-more\"><a href=\"http:\/\/www.railfreight.eu\/dr-ne\/2025-07-11-de-raum-koeln-db-statt-rheincargo\/\" class=\"more-link\"><span class=\"screen-reader-text\">\u201e[DE] Raum K\u00f6ln: DB statt RheinCargo\u201c<\/span> weiterlesen<\/a><\/p>\n","protected":false},"author":1,"featured_media":0,"comment_status":"open","ping_status":"open","sticky":false,"template":"","format":"standard","meta":{"footnotes":""},"categories":[32],"tags":[42,2525,398,12],"class_list":["post-57569","post","type-post","status-publish","format-standard","hentry","category-verkehr","tag-db-cargo","tag-deutschland","tag-einzelwagen","tag-rheincargo"],"_links":{"self":[{"href":"http:\/\/www.railfreight.eu\/dr-ne\/wp-json\/wp\/v2\/posts\/57569","targetHints":{"allow":["GET"]}}],"collection":[{"href":"http:\/\/www.railfreight.eu\/dr-ne\/wp-json\/wp\/v2\/posts"}],"about":[{"href":"http:\/\/www.railfreight.eu\/dr-ne\/wp-json\/wp\/v2\/types\/post"}],"author":[{"embeddable":true,"href":"http:\/\/www.railfreight.eu\/dr-ne\/wp-json\/wp\/v2\/users\/1"}],"replies":[{"embeddable":true,"href":"http:\/\/www.railfreight.eu\/dr-ne\/wp-json\/wp\/v2\/comments?post=57569"}],"version-history":[{"count":2,"href":"http:\/\/www.railfreight.eu\/dr-ne\/wp-json\/wp\/v2\/posts\/57569\/revisions"}],"predecessor-version":[{"id":57571,"href":"http:\/\/www.railfreight.eu\/dr-ne\/wp-json\/wp\/v2\/posts\/57569\/revisions\/57571"}],"wp:attachment":[{"href":"http:\/\/www.railfreight.eu\/dr-ne\/wp-json\/wp\/v2\/media?parent=57569"}],"wp:term":[{"taxonomy":"category","embeddable":true,"href":"http:\/\/www.railfreight.eu\/dr-ne\/wp-json\/wp\/v2\/categories?post=57569"},{"taxonomy":"post_tag","embeddable":true,"href":"http:\/\/www.railfreight.eu\/dr-ne\/wp-json\/wp\/v2\/tags?post=57569"}],"curies":[{"name":"wp","href":"https:\/\/api.w.org\/{rel}","templated":true}]}}