{"id":57572,"date":"2025-07-11T10:46:23","date_gmt":"2025-07-11T08:46:23","guid":{"rendered":"http:\/\/www.railfreight.eu\/dr-ne\/?p=57572"},"modified":"2025-07-11T11:50:28","modified_gmt":"2025-07-11T09:50:28","slug":"de-personalabwanderung-trifft-rheincargo","status":"publish","type":"post","link":"http:\/\/www.railfreight.eu\/dr-ne\/2025-07-11-de-personalabwanderung-trifft-rheincargo\/","title":{"rendered":"[DE] Personalabwanderung trifft Rheincargo"},"content":{"rendered":"\n<p>Die G\u00fcterbahn RheinCargo k\u00e4mpft mit einer starken Personalfluktuation. In einem der Redaktion vorliegenden internen Schreiben an die Mitarbeiter vom 07.07.2025 bittet die Gesch\u00e4ftsf\u00fchrung um Loyalit\u00e4t: &#8222;Bleiben Sie dem Unternehmen erhalten und verleihen Sie ihm damit die notwendige Stabilit\u00e4t&#8220;.<\/p>\n\n\n\n<p>Zur Abwanderung haben nach dem Schreiben auch &#8222;sp\u00fcrbare Belastungen der Arbeitsbedingungen&#8220; nach &#8222;strukturellen Ver\u00e4nderungen und Umstrukturierungen in j\u00fcngster Zeit&#8220; sowie &#8222;die Arbeitsmarktsituation mit attraktiven Angeboten anderer Unternehmen&#8220; beigetragen. In der Folge seien &#8222;Planungs- und Produktionsprozesse in Schwierigkeiten geraten&#8220;.<\/p>\n\n\n\n<p>Angek\u00fcndigt wird eine \u00dcberpr\u00fcfung von Arbeitsprozessen, Verg\u00fctungsmodellen und Entwicklungsperspektiven, um die verbleibenden Mitarbeiter zu halten.<\/p>\n\n\n\n<p>Im Januar 2024 hatte <a href=\"http:\/\/www.railfreight.eu\/dr-ne\/2024\/01\/09\/rheincargo-neue-organisationsstruktur\/\" data-type=\"post\" data-id=\"42504\">RheinCargo die Organisationsstruktur<\/a> ver\u00e4ndert, zuvor gab es es <a href=\"http:\/\/www.railfreight.eu\/dr-ne\/2023\/12\/11\/rheincargo-geschaeftsfuehrer-freigestellt\/\" data-type=\"post\" data-id=\"41641\">Ver\u00e4nderungen in der Gesch\u00e4ftsf\u00fchrung<\/a>.<\/p>\n","protected":false},"excerpt":{"rendered":"<p>Die G\u00fcterbahn RheinCargo k\u00e4mpft mit einer starken Personalfluktuation. In einem der Redaktion vorliegenden internen Schreiben an die Mitarbeiter vom 07.07.2025 bittet die Gesch\u00e4ftsf\u00fchrung um Loyalit\u00e4t: &#8222;Bleiben Sie dem Unternehmen erhalten und verleihen Sie ihm damit die notwendige Stabilit\u00e4t&#8220;. Zur Abwanderung haben nach dem Schreiben auch &#8222;sp\u00fcrbare Belastungen der Arbeitsbedingungen&#8220; nach &#8222;strukturellen Ver\u00e4nderungen und Umstrukturierungen in &hellip; <\/p>\n<p class=\"link-more\"><a href=\"http:\/\/www.railfreight.eu\/dr-ne\/2025-07-11-de-personalabwanderung-trifft-rheincargo\/\" class=\"more-link\"><span class=\"screen-reader-text\">\u201e[DE] Personalabwanderung trifft Rheincargo\u201c<\/span> weiterlesen<\/a><\/p>\n","protected":false},"author":1,"featured_media":0,"comment_status":"open","ping_status":"open","sticky":false,"template":"","format":"standard","meta":{"footnotes":""},"categories":[1038],"tags":[2525,12],"class_list":["post-57572","post","type-post","status-publish","format-standard","hentry","category-personal","tag-deutschland","tag-rheincargo"],"_links":{"self":[{"href":"http:\/\/www.railfreight.eu\/dr-ne\/wp-json\/wp\/v2\/posts\/57572","targetHints":{"allow":["GET"]}}],"collection":[{"href":"http:\/\/www.railfreight.eu\/dr-ne\/wp-json\/wp\/v2\/posts"}],"about":[{"href":"http:\/\/www.railfreight.eu\/dr-ne\/wp-json\/wp\/v2\/types\/post"}],"author":[{"embeddable":true,"href":"http:\/\/www.railfreight.eu\/dr-ne\/wp-json\/wp\/v2\/users\/1"}],"replies":[{"embeddable":true,"href":"http:\/\/www.railfreight.eu\/dr-ne\/wp-json\/wp\/v2\/comments?post=57572"}],"version-history":[{"count":1,"href":"http:\/\/www.railfreight.eu\/dr-ne\/wp-json\/wp\/v2\/posts\/57572\/revisions"}],"predecessor-version":[{"id":57573,"href":"http:\/\/www.railfreight.eu\/dr-ne\/wp-json\/wp\/v2\/posts\/57572\/revisions\/57573"}],"wp:attachment":[{"href":"http:\/\/www.railfreight.eu\/dr-ne\/wp-json\/wp\/v2\/media?parent=57572"}],"wp:term":[{"taxonomy":"category","embeddable":true,"href":"http:\/\/www.railfreight.eu\/dr-ne\/wp-json\/wp\/v2\/categories?post=57572"},{"taxonomy":"post_tag","embeddable":true,"href":"http:\/\/www.railfreight.eu\/dr-ne\/wp-json\/wp\/v2\/tags?post=57572"}],"curies":[{"name":"wp","href":"https:\/\/api.w.org\/{rel}","templated":true}]}}