{"id":57932,"date":"2025-07-22T13:58:53","date_gmt":"2025-07-22T11:58:53","guid":{"rendered":"http:\/\/www.railfreight.eu\/dr-ne\/?p=57932"},"modified":"2025-07-23T09:19:46","modified_gmt":"2025-07-23T07:19:46","slug":"cz-cd-cargo-auf-schrumpfkurs","status":"publish","type":"post","link":"http:\/\/www.railfreight.eu\/dr-ne\/2025-07-22-cz-cd-cargo-auf-schrumpfkurs\/","title":{"rendered":"[CZ] \u010cD Cargo auf Schrumpfkurs"},"content":{"rendered":"\n<p>Die staatliche tschechische G\u00fcterbahn \u010cD Cargo hat am 21.07.2025 angedachte Ver\u00e4nderungen bei Assets und Personal vor Gewerkschaftsmitgliedern pr\u00e4sentiert. Grund ist das kontinuierlich sinkende Volumen: Die Transportleistung aller Verkehrstr\u00e4ger im Netz der tschechischen Eisenbahnverwaltung ging im ersten Halbjahr dieses Jahres um weitere 5,3 % zur\u00fcck. \u010cD Cargo bildete keine Ausnahme und verzeichnete im gleichen Zeitraum einen Leistungsr\u00fcckgang von 3,2 %. Dies bedeutet, dass sich der R\u00fcckgang des Transportvolumens nach dem R\u00fcckgang in den Jahren 2023 und 2024 auch im Jahr 2025 fortsetzt. <\/p>\n\n\n\n<p>Der R\u00fcckgang des Transportvolumens ist haupts\u00e4chlich auf strukturelle Ver\u00e4nderungen in der Wirtschaft zur\u00fcckzuf\u00fchren, die eine dauerhafte Abkehr von der Nutzung fossiler Brennstoffe im Energie- und W\u00e4rmesektor, eine geringere Stahlproduktion in Europa (ein Beispiel ist das Ende der Rohstahlproduktion in Liberty Ostrava) oder auch Ausf\u00e4lle in der energieintensiven Chemieproduktion mit sich bringen. Hinzu kommen die unsichere Lage im Automobilsektor, die R\u00fcckkehr der Holzernte zum Stand vor der Borkenk\u00e4ferplage und die Notwendigkeit, die Verluste im Transport einzelner Wagenladungen zu stoppen. <\/p>\n\n\n\n<p>Als Folge reduziert \u010cD Cargo die Anzahl der G\u00fcterwagen und Lokomotiven und will 700 der rund 6.500 Mitarbeiter entlassen. 287 davon zeitnah, alle anderen bis Anfang 2026.<\/p>\n","protected":false},"excerpt":{"rendered":"<p>Die staatliche tschechische G\u00fcterbahn \u010cD Cargo hat am 21.07.2025 angedachte Ver\u00e4nderungen bei Assets und Personal vor Gewerkschaftsmitgliedern pr\u00e4sentiert. Grund ist das kontinuierlich sinkende Volumen: Die Transportleistung aller Verkehrstr\u00e4ger im Netz der tschechischen Eisenbahnverwaltung ging im ersten Halbjahr dieses Jahres um weitere 5,3 % zur\u00fcck. \u010cD Cargo bildete keine Ausnahme und verzeichnete im gleichen Zeitraum einen &hellip; <\/p>\n<p class=\"link-more\"><a href=\"http:\/\/www.railfreight.eu\/dr-ne\/2025-07-22-cz-cd-cargo-auf-schrumpfkurs\/\" class=\"more-link\"><span class=\"screen-reader-text\">\u201e[CZ] \u010cD Cargo auf Schrumpfkurs\u201c<\/span> weiterlesen<\/a><\/p>\n","protected":false},"author":1,"featured_media":0,"comment_status":"open","ping_status":"open","sticky":false,"template":"","format":"standard","meta":{"footnotes":""},"categories":[1038,13],"tags":[326,129],"class_list":["post-57932","post","type-post","status-publish","format-standard","hentry","category-personal","category-unternehmen","tag-cd-cargo","tag-tschechien"],"_links":{"self":[{"href":"http:\/\/www.railfreight.eu\/dr-ne\/wp-json\/wp\/v2\/posts\/57932","targetHints":{"allow":["GET"]}}],"collection":[{"href":"http:\/\/www.railfreight.eu\/dr-ne\/wp-json\/wp\/v2\/posts"}],"about":[{"href":"http:\/\/www.railfreight.eu\/dr-ne\/wp-json\/wp\/v2\/types\/post"}],"author":[{"embeddable":true,"href":"http:\/\/www.railfreight.eu\/dr-ne\/wp-json\/wp\/v2\/users\/1"}],"replies":[{"embeddable":true,"href":"http:\/\/www.railfreight.eu\/dr-ne\/wp-json\/wp\/v2\/comments?post=57932"}],"version-history":[{"count":2,"href":"http:\/\/www.railfreight.eu\/dr-ne\/wp-json\/wp\/v2\/posts\/57932\/revisions"}],"predecessor-version":[{"id":57942,"href":"http:\/\/www.railfreight.eu\/dr-ne\/wp-json\/wp\/v2\/posts\/57932\/revisions\/57942"}],"wp:attachment":[{"href":"http:\/\/www.railfreight.eu\/dr-ne\/wp-json\/wp\/v2\/media?parent=57932"}],"wp:term":[{"taxonomy":"category","embeddable":true,"href":"http:\/\/www.railfreight.eu\/dr-ne\/wp-json\/wp\/v2\/categories?post=57932"},{"taxonomy":"post_tag","embeddable":true,"href":"http:\/\/www.railfreight.eu\/dr-ne\/wp-json\/wp\/v2\/tags?post=57932"}],"curies":[{"name":"wp","href":"https:\/\/api.w.org\/{rel}","templated":true}]}}