{"id":58577,"date":"2025-08-25T15:43:38","date_gmt":"2025-08-25T13:43:38","guid":{"rendered":"http:\/\/www.railfreight.eu\/dr-ne\/?p=58577"},"modified":"2025-08-26T01:47:13","modified_gmt":"2025-08-25T23:47:13","slug":"ch-tessin-sbb-mit-loesung-fuer-personalabbau","status":"publish","type":"post","link":"http:\/\/www.railfreight.eu\/dr-ne\/2025-08-25-ch-tessin-sbb-mit-loesung-fuer-personalabbau\/","title":{"rendered":"[CH] Tessin: SBB mit L\u00f6sung f\u00fcr Personalabbau"},"content":{"rendered":"\n<p>Wie im Mai 2025 kommuniziert kommt es bei SBB Cargo im Zuge der Neuausrichtung des kombinierten Verkehrs schweizweit zu einem Abbau von rund 65 Stellen bis Ende 2025, davon rund 40 im Tessin. Allen betroffenen Mitarbeitern wird eine GAV-konforme L\u00f6sung im Tessin angeboten.<\/p>\n\n\n\n<p>F\u00fcr zwei Drittel wurde bereits eine L\u00f6sung gefunden und ihnen wurde ein Angebot gemacht: Sie wechseln innerhalb der SBB im Tessin zu den Divisionen Infrastruktur und Personenverkehr oder gehen in Pension. Den restlichen Mitarbeitern werden in den kommenden Wochen Angebote f\u00fcr einen Wechsel zur Tochtergesellschaft TILO unterbreitet. Alternativ bietet die SBB die M\u00f6glichkeit f\u00fcr einen befristeten freiwilligen Einsatz in anderen Regionen, wo aktuell ein Bedarf besteht.<\/p>\n\n\n\n<p>Das Tessin ist eine wichtige Region f\u00fcr die SBB, im Personen- wie im G\u00fcterverkehr. In den vergangenen f\u00fcnf Jahren hat die SBB im Tessin 260 neue Stellen geschaffen. Sie investiert weiter, zum Beispiel in den Bau des Werks Arbedo-Castione mit \u00fcber 360 Arbeits- und 80 Ausbildungspl\u00e4tzen. Insgesamt besch\u00e4ftigt die SBB im Tessin 2.200 Mitarbeiter.<\/p>\n","protected":false},"excerpt":{"rendered":"<p>Wie im Mai 2025 kommuniziert kommt es bei SBB Cargo im Zuge der Neuausrichtung des kombinierten Verkehrs schweizweit zu einem Abbau von rund 65 Stellen bis Ende 2025, davon rund 40 im Tessin. Allen betroffenen Mitarbeitern wird eine GAV-konforme L\u00f6sung im Tessin angeboten. F\u00fcr zwei Drittel wurde bereits eine L\u00f6sung gefunden und ihnen wurde ein &hellip; <\/p>\n<p class=\"link-more\"><a href=\"http:\/\/www.railfreight.eu\/dr-ne\/2025-08-25-ch-tessin-sbb-mit-loesung-fuer-personalabbau\/\" class=\"more-link\"><span class=\"screen-reader-text\">\u201e[CH] Tessin: SBB mit L\u00f6sung f\u00fcr Personalabbau\u201c<\/span> weiterlesen<\/a><\/p>\n","protected":false},"author":1,"featured_media":0,"comment_status":"open","ping_status":"open","sticky":false,"template":"","format":"standard","meta":{"footnotes":""},"categories":[1038],"tags":[85,116],"class_list":["post-58577","post","type-post","status-publish","format-standard","hentry","category-personal","tag-sbb-cargo","tag-schweiz"],"_links":{"self":[{"href":"http:\/\/www.railfreight.eu\/dr-ne\/wp-json\/wp\/v2\/posts\/58577","targetHints":{"allow":["GET"]}}],"collection":[{"href":"http:\/\/www.railfreight.eu\/dr-ne\/wp-json\/wp\/v2\/posts"}],"about":[{"href":"http:\/\/www.railfreight.eu\/dr-ne\/wp-json\/wp\/v2\/types\/post"}],"author":[{"embeddable":true,"href":"http:\/\/www.railfreight.eu\/dr-ne\/wp-json\/wp\/v2\/users\/1"}],"replies":[{"embeddable":true,"href":"http:\/\/www.railfreight.eu\/dr-ne\/wp-json\/wp\/v2\/comments?post=58577"}],"version-history":[{"count":4,"href":"http:\/\/www.railfreight.eu\/dr-ne\/wp-json\/wp\/v2\/posts\/58577\/revisions"}],"predecessor-version":[{"id":58585,"href":"http:\/\/www.railfreight.eu\/dr-ne\/wp-json\/wp\/v2\/posts\/58577\/revisions\/58585"}],"wp:attachment":[{"href":"http:\/\/www.railfreight.eu\/dr-ne\/wp-json\/wp\/v2\/media?parent=58577"}],"wp:term":[{"taxonomy":"category","embeddable":true,"href":"http:\/\/www.railfreight.eu\/dr-ne\/wp-json\/wp\/v2\/categories?post=58577"},{"taxonomy":"post_tag","embeddable":true,"href":"http:\/\/www.railfreight.eu\/dr-ne\/wp-json\/wp\/v2\/tags?post=58577"}],"curies":[{"name":"wp","href":"https:\/\/api.w.org\/{rel}","templated":true}]}}