{"id":60364,"date":"2025-10-27T20:43:26","date_gmt":"2025-10-27T19:43:26","guid":{"rendered":"http:\/\/www.railfreight.eu\/dr-ne\/?p=60364"},"modified":"2025-10-28T14:59:15","modified_gmt":"2025-10-28T13:59:15","slug":"ro-streit-ueber-netzzugang-stoica-verklagt-den-staat","status":"publish","type":"post","link":"http:\/\/www.railfreight.eu\/dr-ne\/2025-10-27-ro-streit-ueber-netzzugang-stoica-verklagt-den-staat\/","title":{"rendered":"[RO] Streit \u00fcber Netzzugang: Stoica verklagt den Staat"},"content":{"rendered":"\n<p>Der Streit um den Netzzugang zu Serviceinfrastrukturen im Bahnhof Palas in Constan\u021ba geht nach Berichten in rum\u00e4nischen Medien in eine neue Runde:<\/p>\n\n\n\n<p>Im Oktober 2023 entschied der Nationale Aufsichtsrat f\u00fcr den Eisenbahnbereich (Consiliul Na\u0163ional de Supraveghere din Domeniul Feroviar (CNSDF)) nach einer Beschwerde von CFR Marf\u0103, dass die beiden zur Grampet-Gruppe von Gruia Stoica z\u00e4hlenden Unternehmen Grup Feroviar Rom\u00e2n (GFR) und Trans Expedition Feroviar (TEF) diskriminierungsfreien Zugang zu den Serviceinfrastrukturen in Palas gew\u00e4hren m\u00fcsse.<\/p>\n\n\n\n<p>Im Juli 2024 verh\u00e4ngten CNSDF und Wettbewerbsrat (Consiliului Concuren\u021bei) daraufhin eine Geldbu\u00dfe in H\u00f6he von 3,49 Mio. RON (0,69 Mio. EUR) gegen die GFR, weil das Unternehmen die von der nationalen Regulierungsbeh\u00f6rde auferlegten Ma\u00dfnahmen nicht eingehalten hatte.<\/p>\n\n\n\n<p>GFR legte daraufhin Berufung beim Berufungsgericht ein, die jedoch im Juli 2025 als unbegr\u00fcndet abgewiesen wurde. Der Antrag auf Nebenintervention im Interesse des Beklagten, der von CFR Marf\u0103 eingereicht worden war, wurde zugelassen aber die Verhandlung aufgrund des Streiks der mit der Sonderrentenreform unzufriedenen Richter ausgesetzt.<\/p>\n\n\n\n<p><a href=\"https:\/\/www.scj.ro\/1094\/Detalii-dosar?customQuery%5B0%5D.Key=id&amp;customQuery%5B0%5D.Value=200000000426897\" target=\"_blank\" rel=\"noreferrer noopener\">GFR und TEF verklagen nun Wettbewerbs- und Eisenbahnrat vor dem Obersten Kassations- und Gerichtshof<\/a> (\u00cenalta Curte de Casa\u021bie \u0219i Justi\u021bie (ICCJ)). Gegenstand des Verfahrens 6445\/2\/2023 ist die \u201eNichtigerkl\u00e4rung von Rechtsakten zur Wettbewerbsregulierung (Beihilfekomponente, Wettbewerbskomponente)\u201c. Einen ersten Termin f\u00fcr die Verhandlung hat der ICCJ noch nicht festgelegt.<\/p>\n\n\n\n<p><a data-flickr-embed=\"true\" href=\"https:\/\/www.flickr.com\/photos\/karldersiebte\/54661675785\/\" title=\"Constan\u021ba-Palas [RO]\"><img loading=\"lazy\" decoding=\"async\" src=\"https:\/\/live.staticflickr.com\/65535\/54661675785_dde2cf6d80_b.jpg\" width=\"1000\" height=\"630\" alt=\"Constan\u021ba-Palas [RO]\"><\/a><script async=\"\" src=\"\/\/embedr.flickr.com\/assets\/client-code.js\" charset=\"utf-8\"><\/script><\/p>\n\n\n\n<div data-wp-interactive=\"core\/file\" class=\"wp-block-file\"><object data-wp-bind--hidden=\"!state.hasPdfPreview\" hidden class=\"wp-block-file__embed\" data=\"http:\/\/www.railfreight.eu\/dr-ne\/wp-content\/uploads\/2025\/10\/gfr-tef.pdf\" type=\"application\/pdf\" style=\"width:100%;height:600px\" aria-label=\"Einbettung von gfr-tef.\"><\/object><a id=\"wp-block-file--media-31481a6c-3687-437f-889e-cc515e235a5e\" href=\"http:\/\/www.railfreight.eu\/dr-ne\/wp-content\/uploads\/2025\/10\/gfr-tef.pdf\">gfr-tef<\/a><a href=\"http:\/\/www.railfreight.eu\/dr-ne\/wp-content\/uploads\/2025\/10\/gfr-tef.pdf\" class=\"wp-block-file__button wp-element-button\" download aria-describedby=\"wp-block-file--media-31481a6c-3687-437f-889e-cc515e235a5e\">Herunterladen<\/a><\/div>\n","protected":false},"excerpt":{"rendered":"<p>Der Streit um den Netzzugang zu Serviceinfrastrukturen im Bahnhof Palas in Constan\u021ba geht nach Berichten in rum\u00e4nischen Medien in eine neue Runde: Im Oktober 2023 entschied der Nationale Aufsichtsrat f\u00fcr den Eisenbahnbereich (Consiliul Na\u0163ional de Supraveghere din Domeniul Feroviar (CNSDF)) nach einer Beschwerde von CFR Marf\u0103, dass die beiden zur Grampet-Gruppe von Gruia Stoica z\u00e4hlenden &hellip; <\/p>\n<p class=\"link-more\"><a href=\"http:\/\/www.railfreight.eu\/dr-ne\/2025-10-27-ro-streit-ueber-netzzugang-stoica-verklagt-den-staat\/\" class=\"more-link\"><span class=\"screen-reader-text\">\u201e[RO] Streit \u00fcber Netzzugang: Stoica verklagt den Staat\u201c<\/span> weiterlesen<\/a><\/p>\n","protected":false},"author":1,"featured_media":0,"comment_status":"open","ping_status":"open","sticky":false,"template":"","format":"standard","meta":{"footnotes":""},"categories":[193],"tags":[554,212,877],"class_list":["post-60364","post","type-post","status-publish","format-standard","hentry","category-infrastruktur","tag-gfr","tag-rumaenien","tag-tef"],"_links":{"self":[{"href":"http:\/\/www.railfreight.eu\/dr-ne\/wp-json\/wp\/v2\/posts\/60364","targetHints":{"allow":["GET"]}}],"collection":[{"href":"http:\/\/www.railfreight.eu\/dr-ne\/wp-json\/wp\/v2\/posts"}],"about":[{"href":"http:\/\/www.railfreight.eu\/dr-ne\/wp-json\/wp\/v2\/types\/post"}],"author":[{"embeddable":true,"href":"http:\/\/www.railfreight.eu\/dr-ne\/wp-json\/wp\/v2\/users\/1"}],"replies":[{"embeddable":true,"href":"http:\/\/www.railfreight.eu\/dr-ne\/wp-json\/wp\/v2\/comments?post=60364"}],"version-history":[{"count":8,"href":"http:\/\/www.railfreight.eu\/dr-ne\/wp-json\/wp\/v2\/posts\/60364\/revisions"}],"predecessor-version":[{"id":60399,"href":"http:\/\/www.railfreight.eu\/dr-ne\/wp-json\/wp\/v2\/posts\/60364\/revisions\/60399"}],"wp:attachment":[{"href":"http:\/\/www.railfreight.eu\/dr-ne\/wp-json\/wp\/v2\/media?parent=60364"}],"wp:term":[{"taxonomy":"category","embeddable":true,"href":"http:\/\/www.railfreight.eu\/dr-ne\/wp-json\/wp\/v2\/categories?post=60364"},{"taxonomy":"post_tag","embeddable":true,"href":"http:\/\/www.railfreight.eu\/dr-ne\/wp-json\/wp\/v2\/tags?post=60364"}],"curies":[{"name":"wp","href":"https:\/\/api.w.org\/{rel}","templated":true}]}}