{"id":62529,"date":"2024-02-26T13:57:00","date_gmt":"2024-02-26T12:57:00","guid":{"rendered":"http:\/\/www.railfreight.eu\/dr-ne\/?p=62529"},"modified":"2025-12-29T21:30:35","modified_gmt":"2025-12-29T20:30:35","slug":"de-oestreich-steigt-bei-sbb-auf","status":"publish","type":"post","link":"http:\/\/www.railfreight.eu\/dr-ne\/2024-02-26-de-oestreich-steigt-bei-sbb-auf\/","title":{"rendered":"[DE] Oestreich steigt bei SBB auf"},"content":{"rendered":"\n<p>Nathanael Oestreich ist seit Februar 2024 Leiter Produktion Deutschland bei der SBB Cargo International. Oestreich ist seit Dezember 2004 im Unternehmen, begann zun\u00e4chst als Lokrangierf\u00fchrer in Freiburg im Breisgau und arbeitete sich \u00fcber die Positionen Lokf\u00fchrer (2006 &#8211; 2016), Standortleiter Karlsruhe \/ Freiburg (2018 &#8211; 2021) zum Leiter Produktionsdurchf\u00fchrung &amp; stellvertretenden Leiter Produktion Deutschland (2022 &#8211; 2024) hoch.<\/p>\n","protected":false},"excerpt":{"rendered":"<p>Nathanael Oestreich ist seit Februar 2024 Leiter Produktion Deutschland bei der SBB Cargo International. Oestreich ist seit Dezember 2004 im Unternehmen, begann zun\u00e4chst als Lokrangierf\u00fchrer in Freiburg im Breisgau und arbeitete sich \u00fcber die Positionen Lokf\u00fchrer (2006 &#8211; 2016), Standortleiter Karlsruhe \/ Freiburg (2018 &#8211; 2021) zum Leiter Produktionsdurchf\u00fchrung &amp; stellvertretenden Leiter Produktion Deutschland (2022 &hellip; <\/p>\n<p class=\"link-more\"><a href=\"http:\/\/www.railfreight.eu\/dr-ne\/2024-02-26-de-oestreich-steigt-bei-sbb-auf\/\" class=\"more-link\"><span class=\"screen-reader-text\">\u201e[DE] Oestreich steigt bei SBB auf\u201c<\/span> weiterlesen<\/a><\/p>\n","protected":false},"author":1,"featured_media":0,"comment_status":"open","ping_status":"open","sticky":false,"template":"","format":"standard","meta":{"footnotes":""},"categories":[2],"tags":[2525,543],"class_list":["post-62529","post","type-post","status-publish","format-standard","hentry","category-personalien","tag-deutschland","tag-sbb-cargo-international"],"_links":{"self":[{"href":"http:\/\/www.railfreight.eu\/dr-ne\/wp-json\/wp\/v2\/posts\/62529","targetHints":{"allow":["GET"]}}],"collection":[{"href":"http:\/\/www.railfreight.eu\/dr-ne\/wp-json\/wp\/v2\/posts"}],"about":[{"href":"http:\/\/www.railfreight.eu\/dr-ne\/wp-json\/wp\/v2\/types\/post"}],"author":[{"embeddable":true,"href":"http:\/\/www.railfreight.eu\/dr-ne\/wp-json\/wp\/v2\/users\/1"}],"replies":[{"embeddable":true,"href":"http:\/\/www.railfreight.eu\/dr-ne\/wp-json\/wp\/v2\/comments?post=62529"}],"version-history":[{"count":4,"href":"http:\/\/www.railfreight.eu\/dr-ne\/wp-json\/wp\/v2\/posts\/62529\/revisions"}],"predecessor-version":[{"id":62579,"href":"http:\/\/www.railfreight.eu\/dr-ne\/wp-json\/wp\/v2\/posts\/62529\/revisions\/62579"}],"wp:attachment":[{"href":"http:\/\/www.railfreight.eu\/dr-ne\/wp-json\/wp\/v2\/media?parent=62529"}],"wp:term":[{"taxonomy":"category","embeddable":true,"href":"http:\/\/www.railfreight.eu\/dr-ne\/wp-json\/wp\/v2\/categories?post=62529"},{"taxonomy":"post_tag","embeddable":true,"href":"http:\/\/www.railfreight.eu\/dr-ne\/wp-json\/wp\/v2\/tags?post=62529"}],"curies":[{"name":"wp","href":"https:\/\/api.w.org\/{rel}","templated":true}]}}