{"id":63442,"date":"2026-01-21T10:53:41","date_gmt":"2026-01-21T09:53:41","guid":{"rendered":"http:\/\/www.railfreight.eu\/dr-ne\/?p=63442"},"modified":"2026-01-21T12:47:18","modified_gmt":"2026-01-21T11:47:18","slug":"at-de-gatx-feindert-scheidet-aus","status":"publish","type":"post","link":"http:\/\/www.railfreight.eu\/dr-ne\/2026-01-21-at-de-gatx-feindert-scheidet-aus\/","title":{"rendered":"[AT\/DE] GATX: Feindert scheidet aus"},"content":{"rendered":"\n<p>GATX Rail Europe hat bekannt gegeben, dass sein Executive Team, bestehend aus Clemens Aschl (CTO), Gregor Gessner (Legal Cousel), Jacek Glowacki (CFO), Stephanie Luftensteiner (CHRO) und Joerg Nowaczyk (CCO), ab sofort direkt an Christopher LaHurd, Senior Vice President \u2013 International, berichten wird. <\/p>\n\n\n<div class=\"wp-block-image\">\n<figure class=\"alignleft size-full is-resized\"><img loading=\"lazy\" decoding=\"async\" width=\"252\" height=\"252\" src=\"http:\/\/www.railfreight.eu\/dr-ne\/wp-content\/uploads\/2026\/01\/Johann-Feindert-410x9999-1-edited.jpg\" alt=\"\" class=\"wp-image-63447\" style=\"width:157px;height:auto\" srcset=\"http:\/\/www.railfreight.eu\/dr-ne\/wp-content\/uploads\/2026\/01\/Johann-Feindert-410x9999-1-edited.jpg 252w, http:\/\/www.railfreight.eu\/dr-ne\/wp-content\/uploads\/2026\/01\/Johann-Feindert-410x9999-1-edited-150x150.jpg 150w, http:\/\/www.railfreight.eu\/dr-ne\/wp-content\/uploads\/2026\/01\/Johann-Feindert-410x9999-1-edited-100x100.jpg 100w\" sizes=\"auto, (max-width: 252px) 100vw, 252px\" \/><\/figure><\/div>\n\n\n<p>Im Rahmen dieser Ver\u00e4nderung wird Johann Feindert (60), aktueller CEO von GATX Rail Europe, nach mehr als 30 Jahren im Unternehmen ausscheiden. Zu den  Gr\u00fcnden wollte sich das Unternehmen auf Anfrage nicht \u00e4u\u00dfern.<\/p>\n","protected":false},"excerpt":{"rendered":"<p>GATX Rail Europe hat bekannt gegeben, dass sein Executive Team, bestehend aus Clemens Aschl (CTO), Gregor Gessner (Legal Cousel), Jacek Glowacki (CFO), Stephanie Luftensteiner (CHRO) und Joerg Nowaczyk (CCO), ab sofort direkt an Christopher LaHurd, Senior Vice President \u2013 International, berichten wird. Im Rahmen dieser Ver\u00e4nderung wird Johann Feindert (60), aktueller CEO von GATX Rail &hellip; <\/p>\n<p class=\"link-more\"><a href=\"http:\/\/www.railfreight.eu\/dr-ne\/2026-01-21-at-de-gatx-feindert-scheidet-aus\/\" class=\"more-link\"><span class=\"screen-reader-text\">\u201e[AT\/DE] GATX: Feindert scheidet aus\u201c<\/span> weiterlesen<\/a><\/p>\n","protected":false},"author":1,"featured_media":0,"comment_status":"open","ping_status":"open","sticky":false,"template":"","format":"standard","meta":{"footnotes":""},"categories":[2],"tags":[2525,61,88],"class_list":["post-63442","post","type-post","status-publish","format-standard","hentry","category-personalien","tag-deutschland","tag-gatx","tag-oesterreich"],"_links":{"self":[{"href":"http:\/\/www.railfreight.eu\/dr-ne\/wp-json\/wp\/v2\/posts\/63442","targetHints":{"allow":["GET"]}}],"collection":[{"href":"http:\/\/www.railfreight.eu\/dr-ne\/wp-json\/wp\/v2\/posts"}],"about":[{"href":"http:\/\/www.railfreight.eu\/dr-ne\/wp-json\/wp\/v2\/types\/post"}],"author":[{"embeddable":true,"href":"http:\/\/www.railfreight.eu\/dr-ne\/wp-json\/wp\/v2\/users\/1"}],"replies":[{"embeddable":true,"href":"http:\/\/www.railfreight.eu\/dr-ne\/wp-json\/wp\/v2\/comments?post=63442"}],"version-history":[{"count":8,"href":"http:\/\/www.railfreight.eu\/dr-ne\/wp-json\/wp\/v2\/posts\/63442\/revisions"}],"predecessor-version":[{"id":63456,"href":"http:\/\/www.railfreight.eu\/dr-ne\/wp-json\/wp\/v2\/posts\/63442\/revisions\/63456"}],"wp:attachment":[{"href":"http:\/\/www.railfreight.eu\/dr-ne\/wp-json\/wp\/v2\/media?parent=63442"}],"wp:term":[{"taxonomy":"category","embeddable":true,"href":"http:\/\/www.railfreight.eu\/dr-ne\/wp-json\/wp\/v2\/categories?post=63442"},{"taxonomy":"post_tag","embeddable":true,"href":"http:\/\/www.railfreight.eu\/dr-ne\/wp-json\/wp\/v2\/tags?post=63442"}],"curies":[{"name":"wp","href":"https:\/\/api.w.org\/{rel}","templated":true}]}}